{"id":244,"date":"2022-10-07T23:20:31","date_gmt":"2022-10-07T23:20:31","guid":{"rendered":"https:\/\/movimento-sociale-italiano.org\/?p=244"},"modified":"2022-10-12T10:16:19","modified_gmt":"2022-10-12T10:16:19","slug":"il-movimento-sociale-italiano-e-latlantismo","status":"publish","type":"post","link":"https:\/\/movimento-sociale-italiano.org\/?p=244","title":{"rendered":"Il Movimento Sociale Italiano e l&#8217;Atlantismo"},"content":{"rendered":"\n<p class=\"has-white-color has-text-color\">Durante i primi anni di vita del MSI \u00e8 stata particolarmente intensa l\u2019influenza dei reduci della Repubblica Sociale Italiana sulla cultura e sul dibattito del partito. Di conseguenza, l\u2019antiamericanismo \u00e8 rimasta una sensibilit\u00e0 diffusa e largamente maggioritaria per quanto riguarda l\u2019ambito del dibattito culturale. L\u2019atteggiamento iniziale \u00e8 quindi di rifiuto. Negli anni Cinquanta e Sessanta, tranne in circuiti minoritari e ai margini del partito, pi\u00f9 che il rifiuto prevale l\u2019indifferenza verso un paese, gli Stati Uniti, che si considera incapace di esprimere una cultura degna di attenzione. Negli anni Settanta il quadro appena delineato cambia in modo significativo. Dall\u2019indifferenza si passa a una circospetta attenzione. Analizzando la stampa missina emergono due tendenze. La prima si rivolge selettivamente a quegli autori letterari, musicali o cinematografici che offrirebbero un quadro \u201cnotturno\u201d della societ\u00e0 americana, enfatizzando in particolare la contrapposizione tra l\u2019individuo eroico e la societ\u00e0 di massa. La seconda tendenza segna una discontinuit\u00e0 forse addirittura maggiore: l\u2019officina mitopoietica di Hollywood, verso la quale si era sempre guardato con scetticismo se non con disprezzo, diviene ora oggetto di attenzione e non mancano i giudizi entusiastici per alcune grandi produzioni cinematografiche di quegli anni. Nel corso degli anni Ottanta sar\u00e0 soprattutto la seconda delle due tendenze a confermarsi.<br><br>Nel MSI delle origini vengono cos\u00ec a contrapporsi due anime: la prima si sente estranea al conflitto Est\/Ovest e rivendica una terza via non solo culturale ma anche politica rispetto ai due principali schieramenti postbellici; la seconda coglie nell\u2019anticomunismo oltranzista un possibile canale di legittimazione per la propria presenza nello scenario politico italiano. La contrapposizione tra le due aree \u00e8 intensa almeno fino ai primi anni Cinquanta, basti pensare che il MSI giunge diviso al dibattito parlamentare per l\u2019adesione italiana al Patto Atlantico: il II congresso del partito approva un documento contrario all\u2019adesione italiana, mentre tra i deputati vi \u00e8 chi, come Guido Russo Perez, \u00e8 favorevole. L\u2019indecisione sar\u00e0 definitivamente risolta il 28 novembre 1951 da Augusto De Marsanich, divenuto segretario al posto di Almirante nel gennaio del 1950. La scelta filo-atlantica si rafforzer\u00e0 negli anni seguenti, incanalando il Partito in una visione filo-atlantica che trae ufficialmente il suo carburante dall&#8217;anticomunismo, anche se in molti, tra chi non era concorde alla svolta atlantica, lamentavano che fosse stato semplicemente accolto il potere e l&#8217;influenza di Washington.<\/p>\n\n\n\n<p class=\"has-white-color has-text-color\">Proprio da quell&#8217;ala del M.S.I. che non ha mai abbracciato il filo-atlantismo, si sarebbero venute a creare quelle realt\u00e0 politiche che raccolgono l&#8217;eredit\u00e0 politica pi\u00f9 genuina e tradizionale, quali Il Movimento Sociale Italiano Fiamma Tricolore, il Movimento Sociale Europeo ed il Movimento Sociale Eurasia.<\/p>\n","protected":false},"excerpt":{"rendered":"<p>Durante i primi anni di vita del MSI \u00e8 stata particolarmente intensa l\u2019influenza dei reduci della Repubblica Sociale Italiana sulla cultura e sul dibattito del partito. Di conseguenza, l\u2019antiamericanismo \u00e8 rimasta una sensibilit\u00e0 diffusa e largamente maggioritaria per quanto riguarda l\u2019ambito del dibattito culturale. L\u2019atteggiamento iniziale \u00e8 quindi di rifiuto. Negli anni Cinquanta e Sessanta, [&hellip;]<\/p>\n","protected":false},"author":2,"featured_media":263,"comment_status":"open","ping_status":"open","sticky":false,"template":"","format":"standard","meta":{"om_disable_all_campaigns":false,"_monsterinsights_skip_tracking":false,"_monsterinsights_sitenote_active":false,"_monsterinsights_sitenote_note":"","_monsterinsights_sitenote_category":0,"footnotes":""},"categories":[1],"tags":[],"class_list":{"0":"post-244","1":"post","2":"type-post","3":"status-publish","4":"format-standard","5":"has-post-thumbnail","7":"category-uncategorized"},"aioseo_notices":[],"_links":{"self":[{"href":"https:\/\/movimento-sociale-italiano.org\/index.php?rest_route=\/wp\/v2\/posts\/244","targetHints":{"allow":["GET"]}}],"collection":[{"href":"https:\/\/movimento-sociale-italiano.org\/index.php?rest_route=\/wp\/v2\/posts"}],"about":[{"href":"https:\/\/movimento-sociale-italiano.org\/index.php?rest_route=\/wp\/v2\/types\/post"}],"author":[{"embeddable":true,"href":"https:\/\/movimento-sociale-italiano.org\/index.php?rest_route=\/wp\/v2\/users\/2"}],"replies":[{"embeddable":true,"href":"https:\/\/movimento-sociale-italiano.org\/index.php?rest_route=%2Fwp%2Fv2%2Fcomments&post=244"}],"version-history":[{"count":5,"href":"https:\/\/movimento-sociale-italiano.org\/index.php?rest_route=\/wp\/v2\/posts\/244\/revisions"}],"predecessor-version":[{"id":459,"href":"https:\/\/movimento-sociale-italiano.org\/index.php?rest_route=\/wp\/v2\/posts\/244\/revisions\/459"}],"wp:featuredmedia":[{"embeddable":true,"href":"https:\/\/movimento-sociale-italiano.org\/index.php?rest_route=\/wp\/v2\/media\/263"}],"wp:attachment":[{"href":"https:\/\/movimento-sociale-italiano.org\/index.php?rest_route=%2Fwp%2Fv2%2Fmedia&parent=244"}],"wp:term":[{"taxonomy":"category","embeddable":true,"href":"https:\/\/movimento-sociale-italiano.org\/index.php?rest_route=%2Fwp%2Fv2%2Fcategories&post=244"},{"taxonomy":"post_tag","embeddable":true,"href":"https:\/\/movimento-sociale-italiano.org\/index.php?rest_route=%2Fwp%2Fv2%2Ftags&post=244"}],"curies":[{"name":"wp","href":"https:\/\/api.w.org\/{rel}","templated":true}]}}