{"id":255,"date":"1999-01-18T08:18:45","date_gmt":"1999-01-18T08:18:45","guid":{"rendered":"https:\/\/movimento-sociale-italiano.org\/?p=255"},"modified":"2022-10-12T12:20:39","modified_gmt":"2022-10-12T12:20:39","slug":"movimento-sociale-fiamma-tricolore","status":"publish","type":"post","link":"https:\/\/movimento-sociale-italiano.org\/?p=255","title":{"rendered":"Movimento Sociale Fiamma Tricolore"},"content":{"rendered":"\n<p class=\"has-white-color has-text-color\">Il Movimento Sociale Fiamma Tricolore, meglio noto semplicemente come Fiamma Tricolore, \u00e8 un partito politico italiano fondato il 3 marzo 1995 da Pino Rauti e da quegli esponenti del Movimento Sociale Italiano che si opposero alla cosiddetta svolta di Fiuggi.<\/p>\n\n\n\n<p class=\"has-white-color has-text-color\">Nonostante alcune precedenti collaborazioni con formazioni legate al centro-destra, assume generalmente posizioni di autonomia.<\/p>\n\n\n\n<p class=\"has-white-color has-text-color\">Giovent\u00f9 della Fiamma \u00e8 l&#8217;organizzazione che raccoglie al suo interno giovani di et\u00e0 compresa fra i 14 e i 30 anni.<\/p>\n\n\n\n<p class=\"has-white-color has-text-color\"><br>Nell&#8217;ultimo congresso del Movimento Sociale Italiano, svoltosi nel gennaio 1995, il segretario del partito Gianfranco Fini, attraverso la cosiddetta svolta di Fiuggi, trasform\u00f2 il Movimento Sociale Italiano M.S.I. in Alleanza Nazionale. Gi\u00e0 in precedenza alcuni dirigenti del partito avevano avviato un&#8217;azione &#8220;riformatrice&#8221;, sostenendo l&#8217;esigenza di lanciare una nuova &#8220;Alleanza Nazionale&#8221;, unitamente ad altre personalit\u00e0 e correnti riconducibili a tesi conservatrici. Vennero in tal modo abbandonate le storiche posizioni neofasciste e di rottura per intraprendere un cammino verso l&#8217;area delle destra democratica ed europea. Tale decisione venne contestata dall&#8217;area radicale e &#8220;di sinistra&#8221; di Pino Rauti e da Giorgio Pisan\u00f2.<\/p>\n\n\n\n<p class=\"has-white-color has-text-color\">Il 3 marzo 1995 nacque dunque il Movimento Sociale Fiamma Tricolore, sebbene gi\u00e0 il 29 gennaio fossero stati strutturati i Comitati per la continuit\u00e0 del Movimento Sociale Italiano.<\/p>\n\n\n\n<p class=\"has-white-color has-text-color\">L&#8217;obiettivo era il coerente proseguimento della storia e le battaglie socialitarie, senza rinnegare il proprio passato.<\/p>\n\n\n\n<p class=\"has-white-color has-text-color\">Alla Camera aderirono alla Fiamma Modesto Mario Della Rosa, cui fecero seguito, pochi giorni prima delle elezioni politiche del 1996, Cesare Cefaratti e Teodoro Stefano Tascone.<\/p>\n\n\n\n<p class=\"has-white-color has-text-color\"><\/p>\n\n\n\n<p class=\"has-text-align-center has-white-color has-text-color\"><strong>Pino Rauti segretario<\/strong><\/p>\n\n\n\n<p class=\"has-white-color has-text-color\"><br>In occasione delle elezioni politiche del 1996, il partito ottenne, nella quota proporzionale della Camera, lo 0,9%. Al Senato, sfruttando gli effetti di un patto di desistenza tra il Polo per le Libert\u00e0 e la Lista Pannella (in base al quale il Polo rinunciava a presentarsi in tre collegi della Sicilia), la Fiamma elesse un senatore con il recupero proporzionale: Luigi Caruso. Nel corso della XIII legislatura, la Fiamma vede l&#8217;adesione di un deputato, Alberto Acierno, sempre in Sicilia.<\/p>\n\n\n\n<p class=\"has-white-color has-text-color\">A novembre dello stesso anno il primo congresso nazionale a Chianciano Terme certific\u00f2 l&#8217;elezione degli organi previsti dallo Statuto e la continuit\u00e0 ideale e programmatica con il MSI. Pino Rauti era segretario nazionale.<\/p>\n\n\n\n<p class=\"has-white-color has-text-color\">Nel 1998 nacque il quotidiano del partito, Linea, che lo rester\u00e0 fino al 2002. Grazie anche alla partecipazione agli appuntamenti elettorali amministrativi, il partito organizz\u00f2 nel frattempo la propria struttura sul territorio nazionale, ottenendo l&#8217;elezione di un consigliere regionale e di diversi consiglieri in assemblee elettive locali.<\/p>\n\n\n\n<p class=\"has-white-color has-text-color\">Alle elezioni europee del 1999 il partito si present\u00f2 in tutte le circoscrizioni elettorali, ottenendo l&#8217;1,6% ed eleggendo un eurodeputato, Roberto Felice Bigliardo.<\/p>\n\n\n\n<p class=\"has-white-color has-text-color\"><\/p>\n\n\n\n<p class=\"has-text-align-center has-white-color has-text-color\"><strong>Politiche 2001<\/strong><\/p>\n\n\n\n<p class=\"has-white-color has-text-color\"><br>Il 20 aprile 2000 la rappresentanza parlamentare della Fiamma Tricolore viene ricevuta dal presidente della Repubblica per le consultazioni per la formazione del nuovo governo.<\/p>\n\n\n\n<p class=\"has-white-color has-text-color\">Dopo aver stretto accordi con il centrodestra alle elezioni regionali del 2000, Rauti venne riconfermato segretario dal congresso dell&#8217;ottobre 2000.<\/p>\n\n\n\n<p class=\"has-white-color has-text-color\">In tale occasione la Fiamma ha inoltre deciso di presentare liste autonome per le elezioni politiche del 2001, stringendo alcuni accordi di desistenza con la Casa delle Libert\u00e0. Il senatore uscente Luigi Caruso ottiene nuovamente un seggio.<\/p>\n\n\n\n<p class=\"has-white-color has-text-color\">In base a quel patto anche Alberto Acierno viene eletto all&#8217;Assemblea regionale siciliana.<\/p>\n\n\n\n<p class=\"has-white-color has-text-color\"><\/p>\n\n\n\n<p class=\"has-text-align-center has-white-color has-text-color\"><strong>III Congresso del 2002: Romagnoli segretario e la scissione di Rauti<\/strong><br><\/p>\n\n\n\n<p class=\"has-white-color has-text-color\">Il terzo congresso nazionale, nel febbraio 2002, porta a significative novit\u00e0. Emerge prepotentemente la figura di Luca Romagnoli, la cui tesi di rinnovamento viene premiata con la nomina a segretario nazionale. Rauti \u00e8 il nuovo presidente.<\/p>\n\n\n\n<p class=\"has-white-color has-text-color\">I contrasti veri e propri tra le due massime cariche del partito si manifestano nell&#8217;ottobre 2003, quando dirigenti e militanti sono invitati ad effettuare una scelta di posizione netta tra le due parti.<\/p>\n\n\n\n<p class=\"has-white-color has-text-color\">Nel congresso straordinario del febbraio 2004 la relazione di Romagnoli \u00e8 nettamente in maggioranza. Rauti quindi abbandona per fondare il Movimento Idea Sociale, cui aderiscono Raffaele Bruno e Giuseppe Alviti.<\/p>\n\n\n\n<p class=\"has-white-color has-text-color\">L&#8217;azione dei nuovi vertici prosegue anche alle elezioni europee del 2004, dove un discreto 0,7% dei voti si traduce in un seggio per il segretario Romagnoli.<\/p>\n\n\n\n<p class=\"has-white-color has-text-color\"><\/p>\n\n\n\n<p class=\"has-text-align-center has-white-color has-text-color\"><strong>Regionali 2005 con Alternativa Sociale e Politiche 2006 con CdL<\/strong><\/p>\n\n\n\n<p class=\"has-white-color has-text-color\"><br>La Fiamma sceglie di collaborare con la coalizione di Alternativa Sociale, guidata da Alessandra Mussolini in occasione delle elezioni regionali del 2005, formata anche da Forza Nuova, Libert\u00e0 di Azione e Fronte Sociale Nazionale.<\/p>\n\n\n\n<p class=\"has-white-color has-text-color\">La collaborazione fra i partiti della destra estrema raggiunse solamente l&#8217;1% di media nazionale e dimostr\u00f2, tra l&#8217;altro, l&#8217;impossibilit\u00e0 pratica di compattare sotto un&#8217;unica sigla realt\u00e0 oggettivamente differenti per analisi e strategie politiche. Il partito riprende perci\u00f2 la sua indipendenza.<\/p>\n\n\n\n<p class=\"has-white-color has-text-color\">Nello stesso periodo il partito raccoglie l&#8217;adesione di un deputato nazionale, Antonio Serena. Nel frattempo Il vicesegretario nazionale, Fabrizio Taranto, il Segretario nazionale del movimento giovanile Giovent\u00f9 Nazionale Vincenzo Galizia e il Senatore Luigi Caruso annunciano l&#8217;iscrizione al MIS di Pino Rauti.<\/p>\n\n\n\n<p class=\"has-white-color has-text-color\">In vista delle elezioni politiche del 2006, la Fiamma raggiunge un accordo con la Casa delle Libert\u00e0, deliberato il 28 gennaio 2006: il movimento presenta il suo simbolo e i suoi candidati all&#8217;interno della coalizione di centro-destra in tutte le circoscrizioni e le regioni italiane.<\/p>\n\n\n\n<p class=\"has-white-color has-text-color\">Il risultato elettorale, per\u00f2, non premia la Fiamma, che raccoglie 231 000 voti alla Camera (0,6%) e 204 000 al Senato (0,6%), non superando gli sbarramenti previsti dalla legge elettorale e non eleggendo alcun parlamentare.<\/p>\n\n\n\n<p class=\"has-white-color has-text-color\">Il 2 dicembre 2006 la Fiamma partecipa alla manifestazione nazionale della CdL contro la finanziaria varata dal Governo Prodi II.<\/p>\n\n\n\n<p class=\"has-white-color has-text-color\"><\/p>\n\n\n\n<p class=\"has-text-align-center has-white-color has-text-color\"><strong>Politiche 2008 con La Destra ed Europee 2009<\/strong><\/p>\n\n\n\n<p class=\"has-text-align-left has-white-color has-text-color\"><strong><br><\/strong>Dopo lo scioglimento anticipato delle Camere e in seguito alla fondazione del nuovo partito di Francesco Storace (fuoriuscito da AN), denominato La Destra, Romagnoli lancia un appello alla convergenza con la Fiamma Tricolore per presentarsi unitariamente alle elezioni politiche del 2008 con un simbolo denominato La Destra &#8211; Fiamma Tricolore, che unisce le insegne delle due formazioni. L&#8217;accordo tra i due partiti viene effettivamente raggiunto il 15 febbraio.<\/p>\n\n\n\n<p class=\"has-white-color has-text-color\">L&#8217;alleanza tra La Destra e la Fiamma, a cui aderisce anche il Fronte Sociale Nazionale, non porta ad eleggere alcun parlamentare: la lista raggiunger\u00e0 il 2,4% dei consensi, non superando quindi lo sbarramento del 4%.<\/p>\n\n\n\n<p class=\"has-white-color has-text-color\">Il Movimento Sociale Fiamma Tricolore, dopo un iniziale avvicinamento a La Destra, al Movimento per le Autonomie e al Partito Pensionati, per una lista comune alle Elezioni europee, decide di presentarsi da sola, sfoggiando un simbolo dove \u00e8 presente la scritta Destra Sociale.<\/p>\n\n\n\n<p class=\"has-white-color has-text-color\">In ragione di elementi grafici simili a quelli di Alleanza Nazionale, il Ministero dell&#8217;interno lo ricusa. Rispetto alle Europee del 2004, la Fiamma ottiene un risultato analogo di voti, ma non supera la soglia di sbarramento del 4% e non ottiene alcun europarlamentare.<\/p>\n\n\n\n<p class=\"has-white-color has-text-color\"><\/p>\n\n\n\n<p class=\"has-text-align-center has-white-color has-text-color\"><strong>Il Percorso Autonomo<\/strong><\/p>\n\n\n\n<p class=\"has-white-color has-text-color\"><br>In occasione delle elezioni Regionali 2010 la Fiamma Tricolore, per via della legge per le elezioni regionali che impone ai piccoli partiti di raccogliere un certo numero di firme per presentarsi alle elezioni regionali, riesce a presentarsi solo in Piemonte, dove appoggia il candidato Renzo Rabellino, e in Calabria, dove appoggia il candidato del centrodestra Giuseppe Scopelliti. In entrambi i casi, per via dei pochi voti raccolti, non ottiene nessun consigliere regionale.<\/p>\n\n\n\n<p class=\"has-white-color has-text-color\">Alle elezioni politiche del 2013 la Fiamma ottiene lo 0,13% dei voti alla Camera e 0,17% dei voti al Senato, non eleggendo cos\u00ec nessun parlamentare. Alle elezioni comunali di Roma del 26-27 maggio 2013 il candidato sindaco Luca Romagnoli ottiene lo 0,15%.<\/p>\n\n\n\n<p class=\"has-white-color has-text-color\">Al VI Congresso svoltosi il 22-23 giugno 2013 a Roma, Luca Romagnoli viene riconfermato segretario per acclamazione.<\/p>\n\n\n\n<p class=\"has-white-color has-text-color\"><\/p>\n\n\n\n<p class=\"has-text-align-center has-white-color has-text-color\"><strong>La sfiducia a Romagnoli<\/strong><\/p>\n\n\n\n<p class=\"has-white-color has-text-color\"><br>L&#8217;8 novembre 2013 il segretario Luca Romagnoli unitamente al segretario de La Destra Francesco Storace, al reggente di Futuro e Libert\u00e0 Roberto Menia, alla coordinatrice di Io Sud Adriana Poli Bortone, a Domenico Nania dell&#8217;associazione Nuova Alleanza, ad Oreste Tofani dell&#8217;associazione Nazione Sovrana, ad Antonio Buonfiglio dell&#8217;associazione Il Popolo della Vita e all&#8217;editore del Il Giornale d&#8217;Italia Roberto Buonasorte, partecipa alla fondazione del Movimento per Alleanza Nazionale. Il dicembre 2013 il Comitato Centrale del partito dichiara decaduto il segretario Luca Romagnoli, reo di aver aderito all&#8217;iniziativa senza aver chiesto il parere dei membri del Comitato stesso.<\/p>\n\n\n\n<p class=\"has-white-color has-text-color\">Attilio Carelli accetta quindi l&#8217;incarico di Segretario Reggente. A seguito di tale espulsione Romagnoli fonda un nuovo soggetto, Destra Sociale, federato in un secondo momento a Fratelli d&#8217;Italia.<\/p>\n\n\n\n<p class=\"has-white-color has-text-color\"><\/p>\n\n\n\n<p class=\"has-text-align-center has-white-color has-text-color\"><strong>Il Nuovo Corso<\/strong><\/p>\n\n\n\n<p class=\"has-white-color has-text-color\"><\/p>\n\n\n\n<p class=\"has-white-color has-text-color\"><br>Il 13 e 14 dicembre 2014 il VII congresso nazionale elegge lo stesso Carelli segretario, mentre in occasione del referendum costituzionale del 2016 le posizioni espresse riguardano il NO.<\/p>\n\n\n\n<p class=\"has-white-color has-text-color\">Significativo anche il dato delle elezioni comunali del 2017 a Sermide e Felonica dove la lista Fasci Italiani del Lavoro (con alcuni suoi iscritti candidati) ha ottenuto il 10,4% ed \u00e8 entrata in consiglio comunale, seggio decaduto al termine di una disputa giudiziaria.<\/p>\n\n\n\n<p class=\"has-white-color has-text-color\">Per quanto riguarda le elezioni politiche del 2018, \u00e8 stato siglato un accordo con Forza Nuova per costituire la lista Italia agli Italiani, il cui esito sar\u00e0 dello 0,39% alla Camera e lo 0.50% al Senato.<\/p>\n\n\n\n<p class=\"has-white-color has-text-color\">Da quel momento partono delle iniziative programmatiche precise, finalizzate ad &#8220;un\u2019azione di risveglio a difesa dell\u2019identit\u00e0 e della sovranit\u00e0 nazionale&#8221;. A settembre 2019 Adriana Poli Bortone ufficializza la sua adesione.<\/p>\n\n\n\n<p class=\"has-white-color has-text-color\">Alle elezioni regionali 2020 si presenta in Puglia, mancava dal 2005 all\u2019epoca nella coalizione Alternativa Sociale. La lista raccoglie lo 0,14% mentre il suo candidato a governatore Pierfranco Bruni lo 0,17% non riuscendo ad eleggere nessun consigliere.<\/p>\n\n\n\n<p class=\"has-white-color has-text-color\"><\/p>\n\n\n\n<p class=\"has-text-align-center has-white-color has-text-color\"><strong>La decadenza di Carelli<\/strong><\/p>\n\n\n\n<p class=\"has-white-color has-text-color\"><br>Con atto del Comitato Centrale del 12 settembre 2021 si decretava la decadenza di Attilio Carelli per mancata presentazione del bilancio consuntivo 2020.<\/p>\n\n\n\n<p class=\"has-white-color has-text-color\">Con atto del Comitato Centrale del 6 ottobre 2021 si dava mandato alla reggenza di segretario nazionale a Giuseppe Manoli.<\/p>\n\n\n\n<p class=\"has-white-color has-text-color\"><\/p>\n\n\n\n<p class=\"has-text-align-center has-white-color has-text-color\"><strong>Il IX Congresso (2022)<\/strong><\/p>\n\n\n\n<p class=\"has-white-color has-text-color\"><br>In data 15 &#8211; 16 gennaio 2022 si \u00e8 svolto il IX Congresso nazionale del MSFT interamente svolto tramite piattaforma Zoom dove viene eletto a maggioranza Daniele Cerbella.<\/p>\n\n\n\n<p class=\"has-white-color has-text-color\"><\/p>\n\n\n\n<p class=\"has-text-align-center has-white-color has-text-color\"><strong>Ideologia<\/strong><\/p>\n\n\n\n<p class=\"has-white-color has-text-color\"><\/p>\n\n\n\n<p class=\"has-white-color has-text-color\">Manifesto propagandistico affisso a Roma:<\/p>\n\n\n\n<p class=\"has-white-color has-text-color\"><br>\u00abII MSFT \u00e8 un&#8217;organizzazione politica, ispirata a una concezione spirituale della vita, che ha il fine di garantire la dignit\u00e0 e gli interessi del popolo italiano, nella ininterrotta continuit\u00e0 storica delle sue tradizioni di civilt\u00e0 e nella sua prospettiva di una missione occidentale, europea, mediterranea.<\/p>\n\n\n\n<p class=\"has-white-color has-text-color\">Il MSFT propone la realizzazione dello Stato Nazionale del Lavoro, per il raggiungimento &#8211; mediante l&#8217;alternativa corporativa &#8211; dei vasti traguardi di giustizia sociale e di elevazione umana, nel rispetto della libert\u00e0 per tutti e nell&#8217;armonia dell&#8217;ordine con la libert\u00e0.\u00bb<\/p>\n\n\n\n<p class=\"has-white-color has-text-color\">(Art. 1 dello statuto del MSFT)<br><\/p>\n\n\n\n<p class=\"has-text-align-center has-white-color has-text-color\"><strong>Punti programmatici<\/strong><\/p>\n\n\n\n<p class=\"has-white-color has-text-color\"><\/p>\n\n\n\n<p class=\"has-white-color has-text-color\">Concezione spirituale della vita, distante dal materialismo e dal nichilismo. No all&#8217;aborto.<br><\/p>\n\n\n\n<p class=\"has-white-color has-text-color\">Elezione diretta del Capo dello Stato.<br><\/p>\n\n\n\n<p class=\"has-white-color has-text-color\">Istituzione di una Camera dei rappresentanti delle categorie produttrici di 400 membri, per la realizzazione dello Stato Nazionale del Lavoro.<br><\/p>\n\n\n\n<p class=\"has-white-color has-text-color\">Separazione delle carriere tra magistratura giudicante e magistratura inquirente.<br><\/p>\n\n\n\n<p class=\"has-white-color has-text-color\">Abolizione dei reati di opinione e delle leggi liberticide del pensiero e dell\u2019associazionismo politico.<br>Carcere a vita per crimini efferati e certezza della pena.<br><\/p>\n\n\n\n<p class=\"has-white-color has-text-color\">Rilancio dell&#8217;identit\u00e0 nazionale, intesa come cultura, memoria storica e tradizione.<br><\/p>\n\n\n\n<p class=\"has-white-color has-text-color\">Moderato sostegno alle scuole private, mentre il sistema dell&#8217;istruzione pubblica, comprendente libri e materiale didattico gratuiti agli studenti della scuola dell\u2019obbligo, deve essere sempre finalizzata alla sensibilit\u00e0 culturale dell\u2019individuo, ovvero conoscenze non immediatamente configurabili sul piano empirico e quindi lavorativo; esse concorrono tuttavia alla formazione e sviluppo psicopedagogico.<br><\/p>\n\n\n\n<p class=\"has-white-color has-text-color\">Tutela della famiglia con coerenti politiche a suo sostegno, quali bonus per la nascita per coloro i quali nascono da genitori entrambi italiani, restaurazione della centralit\u00e0 della figura del Pater Familias, fulcro e motore dell\u2019ordine sociale tradizionale.<br><\/p>\n\n\n\n<p class=\"has-white-color has-text-color\">Abolizione della Legge Fornero.<br><\/p>\n\n\n\n<p class=\"has-white-color has-text-color\">Istituzione del reddito di cittadinanza e imposta patrimoniale di tipo georgista (solo il reddito netto).<br>Preferenza nazionale nell&#8217;assegnazione delle abitazioni di propriet\u00e0 pubblica; riduzione delle tassazione al 25% per i proventi generati dell&#8217;attivit\u00e0 produttiva e accesso ai servizi sanitari.<br><\/p>\n\n\n\n<p class=\"has-white-color has-text-color\">Canone sociale che non superi un quinto del reddito del nucleo familiare.<br><\/p>\n\n\n\n<p class=\"has-white-color has-text-color\">Protezione del mercato nazionale dal liberismo, che tramite una macchinosa burocrazia favorisce esclusivamente le multinazionali.<br><\/p>\n\n\n\n<p class=\"has-white-color has-text-color\">Equa redistribuzione degli utili ai lavoratori e compartecipazione collettiva alla gestione dell&#8217;impresa (socializzazione).<br><\/p>\n\n\n\n<p class=\"has-white-color has-text-color\">Ripristino dell&#8217;articolo 18 dello Statuto dei Lavoratori.<br><\/p>\n\n\n\n<p class=\"has-white-color has-text-color\">Abolizione delle Regioni e ampliamento delle competenze dei comuni.<br><\/p>\n\n\n\n<p class=\"has-white-color has-text-color\">Europa Nazione, forte e unita, intesa innanzitutto come unione di popoli che condividono storia e tradizioni e non solo come unione di interessi economici sovranazionali, ovviamente rispettosa delle sue radici identitarie e cristiane, nonch\u00e9 contraria all&#8217;ingresso di Israele e Turchia.<br><\/p>\n\n\n\n<p class=\"has-white-color has-text-color\">Opposizione al Trattato di Lisbona.<br><\/p>\n\n\n\n<p class=\"has-white-color has-text-color\">Uscita dalla NATO e diffidenza verso gli Stati Uniti d&#8217;America.<br><\/p>\n\n\n\n<p class=\"has-white-color has-text-color\">Blocco dell&#8217;immigrazione extracomunitaria, smantellamento dei ghetti etnici e stipula di trattati internazionali che sanciscano lo sconto delle pene dei reati nel Paese d\u2019origine degli immigrati condannati, controllo delle attivit\u00e0 politiche delle associazioni straniere.<br><\/p>\n\n\n\n<p class=\"has-white-color has-text-color\">Rifiuto degli Organismi Geneticamente Modificati, rei di costituire un concorrente sleale delle colture tradizionali, alterando il rapporto economico tra i produttori agricoli.<br><\/p>\n\n\n\n<p class=\"has-white-color has-text-color\">Sviluppo sostenibile nel pieno rispetto dell&#8217;Ambiente.<br><\/p>\n\n\n\n<p class=\"has-text-align-center has-white-color has-text-color\"><strong>Struttura<br><\/strong><\/p>\n\n\n\n<p class=\"has-white-color has-text-color\">Gli organi principali sono il Comitato Centrale composto da 25 membri eletti dal Congresso Nazionale, la segreteria nazionale di 6 membri e la segreteria amministrativa.<\/p>\n\n\n\n<p class=\"has-white-color has-text-color\">Il Comitato Centrale di norma si riunisce due volte l&#8217;anno entro il 30 settembre ed entro il 30 marzo e, per urgente motivo, pu\u00f2 essere congiuntamente convocato dal Segretario Nazionale e dal Presidente del Comitato Centrale.<\/p>\n\n\n\n<p class=\"has-white-color has-text-color\">Esso determina le linee dell&#8217;azione politica e ne elabora ed integra gli orientamenti programmatici sulla base delle deliberazioni del Congresso Nazionale, approva il bilancio consuntivo e preventivo, nomina la Segreteria Generale del Congresso, dispone eventuali modifiche allo Statuto e ratifica le varie candidature elettorali.<\/p>\n\n\n\n<p class=\"has-white-color has-text-color\">La Segreteria Nazionale stima la dotazione finanziaria media annua necessaria per operare, dispone a maggioranza relativa la stima e l&#8217;utilizzo delle risorse disponibili.<\/p>\n\n\n\n<p class=\"has-white-color has-text-color\"><\/p>\n\n\n\n<p class=\"has-text-align-center has-white-color has-text-color\"><strong>Segretari<\/strong><\/p>\n\n\n\n<p class=\"has-text-align-center has-white-color has-text-color\"><br>Pino Rauti (gennaio 1995 &#8211; febbraio 2002)<br>Luca Romagnoli (febbraio 2002 &#8211; 8 dicembre 2013)<br>Attilio Carelli (8 dicembre 2013 &#8211; 6 ottobre 2021)<br>Giuseppe Manoli (6 ottobre 2021 &#8211; 15 gennaio 2022)<br>Daniele Cerbella (15 gennaio 2022, in carica)<\/p>\n\n\n\n<p class=\"has-text-align-center has-white-color has-text-color\"><br><strong>President<\/strong>i<\/p>\n\n\n\n<p class=\"has-text-align-center has-white-color has-text-color\"><br>Romolo Sabatini (1995\u20132000)<br>Stelvio Dal Piaz (2000\u20132002)<br>Pino Rauti (2002\u20132004)<br>Rocco Tauro (2004\u20132013)<br>Attilio Carelli (2013\u20132014)<br>Francesco Condorelli Caff (2014\u2013in carica)<br>Presidente onorario<br>Manlio Sargenti (1995-2001)<br>Alessandro Bordoni (2013-2018)<br>Carlo Morganti (2018-in carica)<\/p>\n\n\n\n<p class=\"has-text-align-center has-white-color has-text-color\"><br><strong>Movimento giovanile<\/strong><\/p>\n\n\n\n<p class=\"has-white-color has-text-color\"><br>Il Movimento giovanile del partito era Giovent\u00f9 Nazionale, diventato nel 2011 &#8220;Giovent\u00f9 della Fiamma&#8221;.<\/p>\n","protected":false},"excerpt":{"rendered":"<p>Il Movimento Sociale Fiamma Tricolore, meglio noto semplicemente come Fiamma Tricolore, \u00e8 un partito politico italiano fondato il 3 marzo 1995 da Pino Rauti e da quegli esponenti del Movimento Sociale Italiano che si opposero alla cosiddetta svolta di Fiuggi. Nonostante alcune precedenti collaborazioni con formazioni legate al centro-destra, assume generalmente posizioni di autonomia. Giovent\u00f9 [&hellip;]<\/p>\n","protected":false},"author":2,"featured_media":262,"comment_status":"open","ping_status":"open","sticky":false,"template":"","format":"standard","meta":{"om_disable_all_campaigns":false,"_monsterinsights_skip_tracking":false,"_monsterinsights_sitenote_active":false,"_monsterinsights_sitenote_note":"","_monsterinsights_sitenote_category":0,"footnotes":""},"categories":[13],"tags":[],"class_list":{"0":"post-255","1":"post","2":"type-post","3":"status-publish","4":"format-standard","5":"has-post-thumbnail","7":"category-mse"},"aioseo_notices":[],"_links":{"self":[{"href":"https:\/\/movimento-sociale-italiano.org\/index.php?rest_route=\/wp\/v2\/posts\/255","targetHints":{"allow":["GET"]}}],"collection":[{"href":"https:\/\/movimento-sociale-italiano.org\/index.php?rest_route=\/wp\/v2\/posts"}],"about":[{"href":"https:\/\/movimento-sociale-italiano.org\/index.php?rest_route=\/wp\/v2\/types\/post"}],"author":[{"embeddable":true,"href":"https:\/\/movimento-sociale-italiano.org\/index.php?rest_route=\/wp\/v2\/users\/2"}],"replies":[{"embeddable":true,"href":"https:\/\/movimento-sociale-italiano.org\/index.php?rest_route=%2Fwp%2Fv2%2Fcomments&post=255"}],"version-history":[{"count":5,"href":"https:\/\/movimento-sociale-italiano.org\/index.php?rest_route=\/wp\/v2\/posts\/255\/revisions"}],"predecessor-version":[{"id":452,"href":"https:\/\/movimento-sociale-italiano.org\/index.php?rest_route=\/wp\/v2\/posts\/255\/revisions\/452"}],"wp:featuredmedia":[{"embeddable":true,"href":"https:\/\/movimento-sociale-italiano.org\/index.php?rest_route=\/wp\/v2\/media\/262"}],"wp:attachment":[{"href":"https:\/\/movimento-sociale-italiano.org\/index.php?rest_route=%2Fwp%2Fv2%2Fmedia&parent=255"}],"wp:term":[{"taxonomy":"category","embeddable":true,"href":"https:\/\/movimento-sociale-italiano.org\/index.php?rest_route=%2Fwp%2Fv2%2Fcategories&post=255"},{"taxonomy":"post_tag","embeddable":true,"href":"https:\/\/movimento-sociale-italiano.org\/index.php?rest_route=%2Fwp%2Fv2%2Ftags&post=255"}],"curies":[{"name":"wp","href":"https:\/\/api.w.org\/{rel}","templated":true}]}}