{"id":296,"date":"2018-07-30T20:15:00","date_gmt":"2018-07-30T20:15:00","guid":{"rendered":"https:\/\/movimento-sociale-italiano.org\/?p=296"},"modified":"2022-10-16T10:33:36","modified_gmt":"2022-10-16T10:33:36","slug":"rachele-mussolini-censurata-da-facebook","status":"publish","type":"post","link":"https:\/\/movimento-sociale-italiano.org\/?p=296","title":{"rendered":"Rachele Mussolini censurata da Facebook"},"content":{"rendered":"\n<p class=\"has-white-color has-text-color\">&#8220;Facebook mi ha &#8216;congelato&#8217; il profilo per 48 ore solo per aver postato il simbolo del Movimento sociale italiano, ricordandone la nascita avvenuta il 26 dicembre del 1946\u2026 Foto bannata e profilo bloccato, come se avessi fatto qualcosa di eversivo. Ma forse il mio cognome incide\u2026&#8221;. Pu\u00f2 succedere se ci si chiama Mussolini, di cognome. E Rachele di nome. Ed \u00e8 il caso del consigliere comunale di Roma, eletta nella Lista civica per Meloni sindaco, Rachele Mussolini, appunto, figlia di Romano Mussolini e quindi nipote del capo del fascismo.<\/p>\n\n\n\n<p class=\"has-white-color has-text-color\">&#8220;E cos\u00ec &#8211; prosegue Rachele Mussolini &#8211; per ben 48 ore non ho potuto interagire con nessuno\u2026Via Messenger diversi amici hanno lamentato che la foto della Fiamma che avevano condiviso era sparita\u2026 Ho dovuto spiegare cos&#8217;\u00e8 successo. Di fatto, scopro che per il mio cognome subisco una discriminazione. Era gi\u00e0 successo un&#8217;altra volta, ma si tratt\u00f2 di una foto di mio nonno in abiti borghesi, era per ricordare il suo compleanno, il 29 luglio&#8221;.<\/p>\n\n\n\n<p class=\"has-white-color has-text-color\">&#8220;Sono rimasta sorpresa &#8211; dice all&#8217;Adnkronos &#8211; perch\u00e9 sono una persona notoriamente equilibrata, educata alla tolleranza da mio padre jazzista di fama internazionale (il quartogenito del &#8216;Duce&#8217; \u00e8 morto a Roma il 3 febbraio del 2006, ndr.) e da mia madre attrice teatrale. Figuriamoci se mi metto a fare discorsi esaltati\u2026 Fatto sta che ad un certo punto mi arriva una notifica da Facebook in cui si dice che la foto postata non rispetta gli standard del social network&#8221;.<\/p>\n\n\n\n<p class=\"has-white-color has-text-color\">Stavolta, lamenta, &#8220;\u00e8 bastato postare il simbolo di un partito che \u00e8 sempre stato rappresentato in Parlamento per subire questa ingiusta censura&#8221;.<\/p>\n","protected":false},"excerpt":{"rendered":"<p>&#8220;Facebook mi ha &#8216;congelato&#8217; il profilo per 48 ore solo per aver postato il simbolo del Movimento sociale italiano, ricordandone la nascita avvenuta il 26 dicembre del 1946\u2026 Foto bannata e profilo bloccato, come se avessi fatto qualcosa di eversivo. Ma forse il mio cognome incide\u2026&#8221;. Pu\u00f2 succedere se ci si chiama Mussolini, di cognome. [&hellip;]<\/p>\n","protected":false},"author":2,"featured_media":297,"comment_status":"open","ping_status":"open","sticky":false,"template":"","format":"standard","meta":{"om_disable_all_campaigns":false,"_monsterinsights_skip_tracking":false,"_monsterinsights_sitenote_active":false,"_monsterinsights_sitenote_note":"","_monsterinsights_sitenote_category":0,"footnotes":""},"categories":[16],"tags":[],"class_list":{"0":"post-296","1":"post","2":"type-post","3":"status-publish","4":"format-standard","5":"has-post-thumbnail","7":"category-notizie"},"aioseo_notices":[],"_links":{"self":[{"href":"https:\/\/movimento-sociale-italiano.org\/index.php?rest_route=\/wp\/v2\/posts\/296","targetHints":{"allow":["GET"]}}],"collection":[{"href":"https:\/\/movimento-sociale-italiano.org\/index.php?rest_route=\/wp\/v2\/posts"}],"about":[{"href":"https:\/\/movimento-sociale-italiano.org\/index.php?rest_route=\/wp\/v2\/types\/post"}],"author":[{"embeddable":true,"href":"https:\/\/movimento-sociale-italiano.org\/index.php?rest_route=\/wp\/v2\/users\/2"}],"replies":[{"embeddable":true,"href":"https:\/\/movimento-sociale-italiano.org\/index.php?rest_route=%2Fwp%2Fv2%2Fcomments&post=296"}],"version-history":[{"count":1,"href":"https:\/\/movimento-sociale-italiano.org\/index.php?rest_route=\/wp\/v2\/posts\/296\/revisions"}],"predecessor-version":[{"id":298,"href":"https:\/\/movimento-sociale-italiano.org\/index.php?rest_route=\/wp\/v2\/posts\/296\/revisions\/298"}],"wp:featuredmedia":[{"embeddable":true,"href":"https:\/\/movimento-sociale-italiano.org\/index.php?rest_route=\/wp\/v2\/media\/297"}],"wp:attachment":[{"href":"https:\/\/movimento-sociale-italiano.org\/index.php?rest_route=%2Fwp%2Fv2%2Fmedia&parent=296"}],"wp:term":[{"taxonomy":"category","embeddable":true,"href":"https:\/\/movimento-sociale-italiano.org\/index.php?rest_route=%2Fwp%2Fv2%2Fcategories&post=296"},{"taxonomy":"post_tag","embeddable":true,"href":"https:\/\/movimento-sociale-italiano.org\/index.php?rest_route=%2Fwp%2Fv2%2Ftags&post=296"}],"curies":[{"name":"wp","href":"https:\/\/api.w.org\/{rel}","templated":true}]}}