{"id":299,"date":"2014-10-08T20:22:00","date_gmt":"2014-10-08T20:22:00","guid":{"rendered":"https:\/\/movimento-sociale-italiano.org\/?p=299"},"modified":"2022-10-16T10:32:28","modified_gmt":"2022-10-16T10:32:28","slug":"praga-1968-solo-il-msi-ruppe-il-muro-del-silenzio-sugli-orrori-comunisti","status":"publish","type":"post","link":"https:\/\/movimento-sociale-italiano.org\/?p=299","title":{"rendered":"Praga 1968: solo il MSI ruppe il muro del silenzio sugli orrori comunisti"},"content":{"rendered":"\n<p class=\"has-white-color has-text-color\">50 anni fa le truppe del Patto di Varsavia, su ordine del soviet supremo di Mosca, invase la Cecoslovacchia, anch\u2019esso Paese Comecon, per reprimere le istanze di democrazia del governo di quel Paese. Fu un\u2019invasione militare con centinaia di migliaia di soldati, migliaia di carri armati, uno spiegamento di forze che non si vedeva dal tempi della Seconda Guerra Mondiale. Spiegamento del tutto sproporzionato alla minaccia, anche considerando che le 12 divisioni dell\u2019esercito regolare cecoslovacco ubbidirono a Mosca, schierandosi sui confini della Germania Ovest per impedire che da quella parte giungessero aiuti ai \u201crivoltosi\u201d. Era la cosiddetta Primavera di Praga, come mediaticamente pass\u00f2 alla storia. In Unione Sovietica comandavano leader che si chiamavano Breznev, Podgorny, Kossighin, e la destalinizzazione si stava lentamente compiendo un po\u2019 in tutti i Paesi del Patto di Varsavia. Nel 1956 c\u2019era la stata la rivolta d\u2019Ungheria, nel 1953 quella della Germania dell\u2019Est, adesso era la Cecoslovacchia ad alzare la testa. E c\u2019era la Guerra Fredda, la Baia dei Porci era un ricordo recente, e Mosca non poteva consentire deroghe al cammino spietato del socialismo internazionale. Per questo le velleit\u00e0 indipendentiste cecoslovacche andavano represse subito. E lo furono, quella nazione rimase occupata militarmente fino al 1990. Tutti i Paesi satelliti dell\u2019Urss parteciparano all\u2019invasione, anche se la parte del leone fu interpretata dall\u2019Unione Sovietica. Una sola nazione rifiut\u00f2 di partecipare all\u2019invasione: la Romania di Ceauscescu, il dittatore tanto vituperato, tanto infangato, ma che in quell\u2019occasione disse forte e chiaro i non convidere l\u2019azione di Mosca. Altri Paesi comunisti, i cosiddetti non allineati, come Jugoslavia e Albania, furono critici nei confronti dell\u2019invasione, peraltro inascoltati. Per quanto riguarda il mondo occidentale, come gi\u00e0 successe per l\u2019Ungheria, non sperava altro che la faccenda finisse in fretta, anche se le condanne internazionali furono pi\u00f9 decise rispetto a quelle dell\u2019Ungheria. Il governo italiano fu per\u00f2 quello che pi\u00f9 si distinse per il suo silenzio: la Dc, che aveva con Leone il presidente del Consiglio, non voleva dispiacere troppo al Pci, e pertanto l\u2019imperialismo comunista non fu esplicitamente condannato dalle istituzioni. Le organizzazioni internazionali come al solito tacquero, Onu e Cee tra tutti, come peraltro hanno sempre fatto nella loro storia fino ai giorni d\u2019oggi.<\/p>\n\n\n\n<p class=\"has-white-color has-text-color\"><br>In Italia, per chi se lo ricorda, l\u2019unico partito a gridare forte fu il Movimento Sociale Italiano, i cui giovani, ma non solo, scesero per giorni in piazza chiedendo libert\u00e0 per la Cecoslovacchia. Vi furono scontri, disordini e anche qualche arresto. Va considerato anche che la sinistra era in piena contestazione e crescita dopo la primavera del 1968, cui sarebbe seguito l\u2019autunno caldo, che avrebbe definitivamente rovinato, e per decenni, questo Paese. La mattina del 21 agosto tutte le sezioni del Msi e della Giovane Italia, che allora era l\u2019organizzazione giovanile del partito, si mobilitarono per affissione di manifesti e distribuzione di volantini sulla Primavera di Praga. Il segretario del partito era ancora Arturo Michelini e capogruppo alla Camera Giorgio Almirante. Entrambi rilasciarono dure dichiarazioni anticomuniste, mettendo in evidenza l\u2019intolleranza e la brutalit\u00e0 del regime comunista, sperando di mettere in guardia gli italiani sul pericolo rappresentato dal Pci, che notoriamente era finanziato dal Pcus di Mosca. I giovani missini, come si \u00e8 detto, scesero in piazza a migliaia, contenti che una volta tanto quanto loro dicevano da tempo si stava rivelando vero, ossia che il comunismo rappresentava la tirannia e la privazione della libert\u00e0. Successe per\u00f2 un contrattempo: il partito, il Msi, non era preparato a questa emergenza, e pertanto non c\u2019erano manifesti pronti; ci volle qualche giorno prima di di allestire una campagna adeguata, e quindi i giovani oltre a volantini improvvisati, non avevano nulla. Improvvisamente comparvero dei manifesti di una sconosciuta associazione di amicizia italo-russa, che denunciavano l\u2019invasione sovietica: sul manifesto, nero, vi era raffigurato un carrista sovietico che usciva dalla torretta di un T-54 sovietico nelle strade di Praga. Manifesti indubbiamente molto efficaci. Questi furono i manifesti che i ragazzi del Msi e della Giovane Italia attaccarono in quei giorni d\u2019agosto in tutta Roma. Non si \u00e8 mai sapito da dove fossero usciti fuori, ma oggi si pu\u00f2 verosimilmente immaginare che ci fosse lo zampino di Giulio Caradonna, deputato romano del Msi, avvocato ma sopratutto fervente anticomunista. Anche perch\u00e9 a noi ragazzi della Giovane Italia i rotoli dei manifesti li dette l\u2019indimenticato Natale Gianvenuti, segretario di sezione della Trieste Salario, che allora era in via Tolmino, e che con Caradonna era in ottimi rapporti.<\/p>\n\n\n\n<p class=\"has-white-color has-text-color\"><br>Purtroppo neanche la brutale repressione in Cecoslovacchia da parte del comunismo sovietico riusc\u00ec a frenare l\u2019ascesa della sinistra in Europa: ci vorranno le repressioni operaie in Polonia e il papato Wojtyla per far uscire il comunismo dalla storia. Ma ci piace pensare che anche la infaticabile opera di propaganda e di militanza del Msi abbia contribuito a far cadere il Muro di Berlino. Per quanto riguarda l\u2019invasione della Cecoslovacchia, ancora oggi non si sa esattamente quante vittime abbia provocato: le cifre parlano di poche centinaia di morti, neanche trecento, sia tra gli invasori sovietici sia tra la popolazione civile praghese. La faccenda pass\u00f2 in secondo piano sino all\u2019anno successivo, quando ci furono i ragazzi cecoslovacchi che si immolarono dandosi fuoco, il pi\u00f9 famoso dei quali \u00e8 senza dubbio Jan Palach. Sull\u2019esempio dei bonzi buddhisti, Palach si corparse di benzina e si dette fuoco in piazza San Venceslao per chiedere la libert\u00e0 per il suo popolo. In quella circostanza i giornali di sinistra italiani si distinsero per denigrare e infangare la figura dello studente praghese in tutti i modi, secondo una tecnica ben collaudata della macchina del fango, in uso ancora oggi contro chi non sia di sinistra e che alla sinistra dia fastidio. Tanto \u00e8 vero che le autorit\u00e0 comuniste cecoslovacche fecero seppellire Jan Palach in una tomba senza nome del cimitero di Praga. Solo dopo il 1990 il giovane martire ha potuto essere riabilitato. Oggi nella piazza del suo sacrificio c\u2019\u00e8 un monumento che lo ricorda sempre pieno di fiori. Per amore di verit\u00e0, e di storia, va ricordato che non fu Jan Palach il primo anticomunista a immolarsi col fuoco per la libert\u00e0, ma fu un polacco, Ryszard Siwiec, che il 12 settembre 1968, pochi giorni dopo l\u2019invasione, si dette fuoco nello stadio di Varsavia, davanti a centomila persone. Incredibilmente, la notizia fu messa a tacere dai sovietici, tanto che in Occidente ancora oggi non se ne sa nulla. Ci sono voluti anni, decenni, prima che gli orrori del comunismo siano stati raccontati, dai gulag sovietici ai crimini degli khmer rossi alle stragi partigiane in Italia. Resta la consolazione che chi era giovane allora e per anni ha denunciato questi reati, oggi pu\u00f2 assistere all\u2019emergere \u2013 lento \u2013 della verit\u00e0.<\/p>\n","protected":false},"excerpt":{"rendered":"<p>50 anni fa le truppe del Patto di Varsavia, su ordine del soviet supremo di Mosca, invase la Cecoslovacchia, anch\u2019esso Paese Comecon, per reprimere le istanze di democrazia del governo di quel Paese. Fu un\u2019invasione militare con centinaia di migliaia di soldati, migliaia di carri armati, uno spiegamento di forze che non si vedeva dal [&hellip;]<\/p>\n","protected":false},"author":2,"featured_media":300,"comment_status":"open","ping_status":"open","sticky":false,"template":"","format":"standard","meta":{"om_disable_all_campaigns":false,"_monsterinsights_skip_tracking":false,"_monsterinsights_sitenote_active":false,"_monsterinsights_sitenote_note":"","_monsterinsights_sitenote_category":0,"footnotes":""},"categories":[16],"tags":[],"class_list":{"0":"post-299","1":"post","2":"type-post","3":"status-publish","4":"format-standard","5":"has-post-thumbnail","7":"category-notizie"},"aioseo_notices":[],"_links":{"self":[{"href":"https:\/\/movimento-sociale-italiano.org\/index.php?rest_route=\/wp\/v2\/posts\/299","targetHints":{"allow":["GET"]}}],"collection":[{"href":"https:\/\/movimento-sociale-italiano.org\/index.php?rest_route=\/wp\/v2\/posts"}],"about":[{"href":"https:\/\/movimento-sociale-italiano.org\/index.php?rest_route=\/wp\/v2\/types\/post"}],"author":[{"embeddable":true,"href":"https:\/\/movimento-sociale-italiano.org\/index.php?rest_route=\/wp\/v2\/users\/2"}],"replies":[{"embeddable":true,"href":"https:\/\/movimento-sociale-italiano.org\/index.php?rest_route=%2Fwp%2Fv2%2Fcomments&post=299"}],"version-history":[{"count":3,"href":"https:\/\/movimento-sociale-italiano.org\/index.php?rest_route=\/wp\/v2\/posts\/299\/revisions"}],"predecessor-version":[{"id":446,"href":"https:\/\/movimento-sociale-italiano.org\/index.php?rest_route=\/wp\/v2\/posts\/299\/revisions\/446"}],"wp:featuredmedia":[{"embeddable":true,"href":"https:\/\/movimento-sociale-italiano.org\/index.php?rest_route=\/wp\/v2\/media\/300"}],"wp:attachment":[{"href":"https:\/\/movimento-sociale-italiano.org\/index.php?rest_route=%2Fwp%2Fv2%2Fmedia&parent=299"}],"wp:term":[{"taxonomy":"category","embeddable":true,"href":"https:\/\/movimento-sociale-italiano.org\/index.php?rest_route=%2Fwp%2Fv2%2Fcategories&post=299"},{"taxonomy":"post_tag","embeddable":true,"href":"https:\/\/movimento-sociale-italiano.org\/index.php?rest_route=%2Fwp%2Fv2%2Ftags&post=299"}],"curies":[{"name":"wp","href":"https:\/\/api.w.org\/{rel}","templated":true}]}}