{"id":302,"date":"2011-04-11T20:22:00","date_gmt":"2011-04-11T20:22:00","guid":{"rendered":"https:\/\/movimento-sociale-italiano.org\/?p=302"},"modified":"2022-10-16T10:30:56","modified_gmt":"2022-10-16T10:30:56","slug":"dalla-x-mas-al-secolo-ditalia-15-anni-fa-ci-lasciava-cesco-giulio-baghino","status":"publish","type":"post","link":"https:\/\/movimento-sociale-italiano.org\/?p=302","title":{"rendered":"Dalla X Mas al Secolo d\u2019Italia: 15 anni fa ci lasciava Cesco Giulio Baghino"},"content":{"rendered":"\n<p class=\"has-white-color has-text-color\">Quindici anni fa, all\u2019et\u00e0 di 92 anni, ci lasciava un protagonista di primissimo piano della destra italiana, Cesco Giulio Baghino, conosciutissimo da tutti i militanti del Movimento Sociale Italiano e dai combattenti della Repubblica Sociale italiana. Baghino infatti, dopo essere stato ufficiale della Decima Mas di Junio Valerio Borghese, fu tra i fondatori del Msi insieme con Giorgio Almirante, col quale condivideva l\u2019appartenenza Al MIUS, Movimento italiano di Unit\u00e0 Sociale, che dal 26 dicembre 1946 conflu\u00ec nel MSI. E negli anni del dopoguerra fu anche presidente dell\u2019UNCRSI, l\u2019unione dei combattenti della RSI. Fu anche il secondo direttore del Secolo d\u2019Italia, succedendo a Bruno Spampanato, nel 1952 e nel 1953. Laureato in chimica, Baghino per\u00f2 fece per tutta la vita il giornalista e poi l\u2019uomo politico, sempre ovviamente dalla parte \u201csbagliata\u201d ma sempre, altrettanto ovviamente, col massimo orgoglio. Noi ragazzi del Secolo d\u2019Italia lo ricordiamo molto bene: piccoletto, svelto, con una voce inconfondibile, sempre attivo e impegnato in mille cose; veniva spesso a trovarci perch\u00e9 collaborava sempre col \u201csuo\u201d quotidiano, anche quando era impegnato come deputato del MSI, nelle cui file parlamentari milit\u00f2 dal 1972 al 1992. Trovava anche il tempo per tenere conferenze culturali e storiche in giro nella varie sezioni del Msi di Roma, anche in quelle pi\u00f9 periferiche. Nato nel 1911 a Taranto, si trasfer\u00ec per\u00f2 giovanissimo a Genova; gi\u00e0 negli anni Trenta lo troviamo direttore del periodico universitario Libro e Moschetto. Con lo scoppio del secondo conflitto mondiale, Baghino combatt\u00e9 col battaglione universitario Curatatone e Montanara sul fronte greco-albanese, e poi in Nord Africa, dove ricevette la Croce di ferro di prima classe e altre sei decorazioni. Negli anni della Repubblica Sociale, diresse il quotidiano Il Veneto di Padova. La sua appartenenza alla Decima gli procur\u00f2 un\u2019immediato condanna a morte, poi amnistiata dopo la guerra. Nel 1946 fu tra i fondatori del Movimento Sociale nel famoso studio del padre di Arturo Michelini a Roma, circostanza che Baghino ha ricordato pi\u00f9 volte nel corso della sua vita, non ultimo nel 1996, in occasione del cinquantenario della fondazione del Msi. Baghino raccont\u00f2 che qualche mese prima del 26 dicembre 1946, fond\u00f2 a casa di Mario Cassiano, a Monteverde vecchio a Roma, il gi\u00e0 citato Mius insieme a \u2013 tragli altri \u2013 Almirante, Bacchi, Lodoli, Nelli. Prima di diventare direttore del nostro giornale, Baghino diresse anche il quotidiano Italia della sera e le agenzie di stampa Sasi e Informitalia. Ci ha lasciato due libri: Fascist\u2019s Camp e Un popolo nella sabbia, dedicato quest\u2019ultimo al lavoro degli italiani in Africa. Punto di riferimento costante non solo per i missini ma anche per i combattenti della RSI, Baghino su anche presidente onorario del Msi sino alla fine del partito. Non ader\u00ec, nel 1995, ad Alleanza Nazionale ma neanche ne osteggi\u00f2 la nascita. Cos\u00ec lo ricord\u00f2 Mirko Tremaglia: \u201cSono molto commosso e addolorato masoprattutto ti sono grato e evoto per quanto ci hai insegnato, per l\u2019esempio eroico che ci hai dato con le tue medaglie d\u2019argento al valor militare, con le tue decise battaglie e con gli ideali che hai sempre onorato.<\/p>\n","protected":false},"excerpt":{"rendered":"<p>Quindici anni fa, all\u2019et\u00e0 di 92 anni, ci lasciava un protagonista di primissimo piano della destra italiana, Cesco Giulio Baghino, conosciutissimo da tutti i militanti del Movimento Sociale Italiano e dai combattenti della Repubblica Sociale italiana. Baghino infatti, dopo essere stato ufficiale della Decima Mas di Junio Valerio Borghese, fu tra i fondatori del Msi [&hellip;]<\/p>\n","protected":false},"author":2,"featured_media":303,"comment_status":"open","ping_status":"open","sticky":false,"template":"","format":"standard","meta":{"om_disable_all_campaigns":false,"_monsterinsights_skip_tracking":false,"_monsterinsights_sitenote_active":false,"_monsterinsights_sitenote_note":"","_monsterinsights_sitenote_category":0,"footnotes":""},"categories":[14,16,11],"tags":[],"class_list":{"0":"post-302","1":"post","2":"type-post","3":"status-publish","4":"format-standard","5":"has-post-thumbnail","7":"category-figure-storiche-msi","8":"category-notizie","9":"category-storia-msi"},"aioseo_notices":[],"_links":{"self":[{"href":"https:\/\/movimento-sociale-italiano.org\/index.php?rest_route=\/wp\/v2\/posts\/302","targetHints":{"allow":["GET"]}}],"collection":[{"href":"https:\/\/movimento-sociale-italiano.org\/index.php?rest_route=\/wp\/v2\/posts"}],"about":[{"href":"https:\/\/movimento-sociale-italiano.org\/index.php?rest_route=\/wp\/v2\/types\/post"}],"author":[{"embeddable":true,"href":"https:\/\/movimento-sociale-italiano.org\/index.php?rest_route=\/wp\/v2\/users\/2"}],"replies":[{"embeddable":true,"href":"https:\/\/movimento-sociale-italiano.org\/index.php?rest_route=%2Fwp%2Fv2%2Fcomments&post=302"}],"version-history":[{"count":3,"href":"https:\/\/movimento-sociale-italiano.org\/index.php?rest_route=\/wp\/v2\/posts\/302\/revisions"}],"predecessor-version":[{"id":471,"href":"https:\/\/movimento-sociale-italiano.org\/index.php?rest_route=\/wp\/v2\/posts\/302\/revisions\/471"}],"wp:featuredmedia":[{"embeddable":true,"href":"https:\/\/movimento-sociale-italiano.org\/index.php?rest_route=\/wp\/v2\/media\/303"}],"wp:attachment":[{"href":"https:\/\/movimento-sociale-italiano.org\/index.php?rest_route=%2Fwp%2Fv2%2Fmedia&parent=302"}],"wp:term":[{"taxonomy":"category","embeddable":true,"href":"https:\/\/movimento-sociale-italiano.org\/index.php?rest_route=%2Fwp%2Fv2%2Fcategories&post=302"},{"taxonomy":"post_tag","embeddable":true,"href":"https:\/\/movimento-sociale-italiano.org\/index.php?rest_route=%2Fwp%2Fv2%2Ftags&post=302"}],"curies":[{"name":"wp","href":"https:\/\/api.w.org\/{rel}","templated":true}]}}