{"id":355,"date":"2012-10-09T10:55:00","date_gmt":"2012-10-09T10:55:00","guid":{"rendered":"https:\/\/movimento-sociale-italiano.org\/?p=355"},"modified":"2022-10-16T10:36:10","modified_gmt":"2022-10-16T10:36:10","slug":"1863-il-brigantaggio-e-la-legge-pica","status":"publish","type":"post","link":"https:\/\/movimento-sociale-italiano.org\/?p=355","title":{"rendered":"1863: Il brigantaggio e la legge Pica"},"content":{"rendered":"\n<p class=\"has-white-color has-text-color\">Con il processo di unificazione, nelle regioni meridionali si diffuse ben presto un generale malcontento. Non solo la coscrizione obbligatoria che toglieva alle famiglie i lavoratori pi\u00f9 importanti per l\u2019attivit\u00e0 nei campi, ma un regime di tassazione esoso e centralizzato fecero s\u00ec che dal basso e in modo spontaneo scoppiassero delle agitazioni popolari.<\/p>\n\n\n\n<p class=\"has-white-color has-text-color\">Si organizzarono cos\u00ec dei movimenti di protesta al cui interno confluirono non solo ribelli, ma anche ex soldati dello stato borbonico e contadini poveri.<\/p>\n\n\n\n<p class=\"has-white-color has-text-color\">Costoro chiamati briganti, dallo stato che intendeva reprimerli, si muovevano di villaggio in villaggio spesso commettendo saccheggi e omicidi nei confronti dei notabili del luogo. Lo stato unitario affront\u00f2 con estrema durezza il fenomeno del brigantaggio, ricorrendo all\u2019esercito.<\/p>\n\n\n\n<p class=\"has-white-color has-text-color\">Nel 1863 fu inoltre emanata la legge Pica in base alla quale erano previsti i tribunali militari per giudicare i cosiddetti briganti e furono istituite come pena la fucilazione per chiunque opponesse resistenza all&#8217;autorit\u00e0.<\/p>\n\n\n\n<p class=\"has-white-color has-text-color\">La repressione durissima segn\u00f2 un netto distacco tra istituzioni e masse meridionali. Il governo comp\u00ec infatti gli atti pi\u00f9 violenti, ma non risolse i problemi di fondo del Mezzogiorno. Nel 1865 il brigantaggio era un fenomeno ormai sedato e controllato, il disagio e l\u2019arretratezza di queste terre, invece, continuavano a essere il nodo irrisolto dell\u2019unificazione nazionale.<\/p>\n","protected":false},"excerpt":{"rendered":"<p>Con il processo di unificazione, nelle regioni meridionali si diffuse ben presto un generale malcontento. Non solo la coscrizione obbligatoria che toglieva alle famiglie i lavoratori pi\u00f9 importanti per l\u2019attivit\u00e0 nei campi, ma un regime di tassazione esoso e centralizzato fecero s\u00ec che dal basso e in modo spontaneo scoppiassero delle agitazioni popolari. Si organizzarono [&hellip;]<\/p>\n","protected":false},"author":2,"featured_media":356,"comment_status":"open","ping_status":"open","sticky":false,"template":"","format":"standard","meta":{"om_disable_all_campaigns":false,"_monsterinsights_skip_tracking":false,"_monsterinsights_sitenote_active":false,"_monsterinsights_sitenote_note":"","_monsterinsights_sitenote_category":0,"footnotes":""},"categories":[15],"tags":[],"class_list":{"0":"post-355","1":"post","2":"type-post","3":"status-publish","4":"format-standard","5":"has-post-thumbnail","7":"category-storia-della-destra"},"aioseo_notices":[],"_links":{"self":[{"href":"https:\/\/movimento-sociale-italiano.org\/index.php?rest_route=\/wp\/v2\/posts\/355","targetHints":{"allow":["GET"]}}],"collection":[{"href":"https:\/\/movimento-sociale-italiano.org\/index.php?rest_route=\/wp\/v2\/posts"}],"about":[{"href":"https:\/\/movimento-sociale-italiano.org\/index.php?rest_route=\/wp\/v2\/types\/post"}],"author":[{"embeddable":true,"href":"https:\/\/movimento-sociale-italiano.org\/index.php?rest_route=\/wp\/v2\/users\/2"}],"replies":[{"embeddable":true,"href":"https:\/\/movimento-sociale-italiano.org\/index.php?rest_route=%2Fwp%2Fv2%2Fcomments&post=355"}],"version-history":[{"count":2,"href":"https:\/\/movimento-sociale-italiano.org\/index.php?rest_route=\/wp\/v2\/posts\/355\/revisions"}],"predecessor-version":[{"id":443,"href":"https:\/\/movimento-sociale-italiano.org\/index.php?rest_route=\/wp\/v2\/posts\/355\/revisions\/443"}],"wp:featuredmedia":[{"embeddable":true,"href":"https:\/\/movimento-sociale-italiano.org\/index.php?rest_route=\/wp\/v2\/media\/356"}],"wp:attachment":[{"href":"https:\/\/movimento-sociale-italiano.org\/index.php?rest_route=%2Fwp%2Fv2%2Fmedia&parent=355"}],"wp:term":[{"taxonomy":"category","embeddable":true,"href":"https:\/\/movimento-sociale-italiano.org\/index.php?rest_route=%2Fwp%2Fv2%2Fcategories&post=355"},{"taxonomy":"post_tag","embeddable":true,"href":"https:\/\/movimento-sociale-italiano.org\/index.php?rest_route=%2Fwp%2Fv2%2Ftags&post=355"}],"curies":[{"name":"wp","href":"https:\/\/api.w.org\/{rel}","templated":true}]}}