{"id":557,"date":"2004-03-16T11:27:00","date_gmt":"2004-03-16T11:27:00","guid":{"rendered":"https:\/\/movimento-sociale-italiano.org\/?p=557"},"modified":"2022-10-16T11:31:52","modified_gmt":"2022-10-16T11:31:52","slug":"il-msi-ed-il-ruolo-dellitalia-nella-politica-internazionale-1948-1956","status":"publish","type":"post","link":"https:\/\/movimento-sociale-italiano.org\/?p=557","title":{"rendered":"Il MSI ed il ruolo dell&#8217;Italia nella politica internazionale 1948-1956"},"content":{"rendered":"\n<p class=\"has-white-color has-text-color\">Sin dalla sua nascita il MSI nel suo programma aveva puntato ad esaltare l\u2019originalit\u00e0 e l\u2019irriducibilit\u00e0 della sua proposta politica, in modo tanto pi\u00f9 ostinato, quanto pi\u00f9 si faceva pressante l\u2019iniziativa del fronte antifascista nell\u2019operare verso il MSI una ribadita discriminazione. Pi\u00f9 il MSI veniva considerato come forza antisistema, quindi delegittimato e ghettizzato, pi\u00f9 si radicalizzava nella sua ideologia come risposta che ricompattava e rivitalizzava l\u2019organizzazione. Le sue idee politiche rimanevano schiacciate tutte sul ventennio fascista. La decisione di dar vita al MSI infatti aveva avuto origine dalla consapevolezza di quegli elementi pi\u00f9 lungimiranti del neofascismo italiano della necessit\u00e0 di riunire ed organizzare tutte quelle forze che subito dopo la guerra avevano manifestato, per mezzo di azioni terroristiche o \u201cbravate folkloristiche\u201d come pure attraverso un\u2019instancabile attivit\u00e0 giornalistica, il loro rifiuto verso un nuovo sistema politico e la nuova classe dirigente che si era insediata al potere con il crollo di Mussolini. Pertanto quando nacque il MSI, vi confluirono elementi molto diversi fra loro per esperienze, obiettivi e metodi, che avevano in comune il rifiuto dei partiti antifascisti e l\u2019esaltazione del recente passato dell\u2019Italia, ma con l\u2019intento ognuno di plasmare il giovane partito secondo il proprio particolare programma.<br>Il primo capitolo di questa tesi dunque \u00e8 dedicato alle vicende del MSI dalla nascita al 1956, con particolare attenzione alla sua collocazione nel sistema partitico e al dibattito interno che si svolse nei congressi nazionali fra le tre correnti: quella rivoluzionaria dei socializzatori reduci di Sal\u00f2; quella moderata corporativista e quella tradizionalista &#8211; spiritualista di Julius Evola dal primo congresso che si svolse a Napoli nel 1948 al quinto che si tenne a Milano nel 1956 dove la conflittualit\u00e0 del dibattito fra le componenti raggiunse il culmine.<br>I successivi tre capitoli sono dedicati alla politica estera analizzando le posizioni del MSI attraverso l\u2019analisi sistematica degli atti parlamentari e dei giornali di area.<br>La polemica sulla politica estera italiana divenne il terreno privilegiato dal MSI per smontare il paradigma dell\u2019antifascismo posto alla base della nascente Repubblica e della conseguente stabile discriminazione del partito. Per il MSI la guerra, la sconfitta e la pace non erano stati accadimenti superati n\u00e9 tantomeno accettati, furono al contrario motivi di vivacissime requisitorie per ribaltare dalle fondamenta i giudizi e le posizioni dei loro avversari politici.<br>Il quarto capitolo infine \u00e8 dedicato alla questione di Trieste.<br>La questione di Trieste funse innanzi tutto da volano di partecipazione e di mobilitazione sul terreno \u00abdi un sentimento politico elementare, ben pi\u00f9 ampiamente condiviso dei postulati ideologici del passato regime\u00bb. Trieste permise quindi al MSI di realizzare nella societ\u00e0 civile quello che ad esso era rigorosamente precluso nella societ\u00e0 politica. I missini infatti indossarono i panni di italiani fortemente impegnati a difendere la nobile causa della Patria vilipesa e dei profughi giuliani e dalmati vittime dei soprusi del governo jugoslavo nonch\u00e9 della \u00abinsipienza\u00bb del governo italiano.<\/p>\n\n\n\n<p class=\"has-white-color has-text-color\"><\/p>\n\n\n\n<p><\/p>\n\n\n\n<p class=\"has-white-color has-text-color\">di Elvira Allocca<\/p>\n","protected":false},"excerpt":{"rendered":"<p>Sin dalla sua nascita il MSI nel suo programma aveva puntato ad esaltare l\u2019originalit\u00e0 e l\u2019irriducibilit\u00e0 della sua proposta politica, in modo tanto pi\u00f9 ostinato, quanto pi\u00f9 si faceva pressante l\u2019iniziativa del fronte antifascista nell\u2019operare verso il MSI una ribadita discriminazione. Pi\u00f9 il MSI veniva considerato come forza antisistema, quindi delegittimato e ghettizzato, pi\u00f9 si [&hellip;]<\/p>\n","protected":false},"author":1,"featured_media":558,"comment_status":"open","ping_status":"open","sticky":false,"template":"","format":"standard","meta":{"om_disable_all_campaigns":false,"_monsterinsights_skip_tracking":false,"_monsterinsights_sitenote_active":false,"_monsterinsights_sitenote_note":"","_monsterinsights_sitenote_category":0,"footnotes":""},"categories":[11,15],"tags":[],"class_list":{"0":"post-557","1":"post","2":"type-post","3":"status-publish","4":"format-standard","5":"has-post-thumbnail","7":"category-storia-msi","8":"category-storia-della-destra"},"aioseo_notices":[],"_links":{"self":[{"href":"https:\/\/movimento-sociale-italiano.org\/index.php?rest_route=\/wp\/v2\/posts\/557","targetHints":{"allow":["GET"]}}],"collection":[{"href":"https:\/\/movimento-sociale-italiano.org\/index.php?rest_route=\/wp\/v2\/posts"}],"about":[{"href":"https:\/\/movimento-sociale-italiano.org\/index.php?rest_route=\/wp\/v2\/types\/post"}],"author":[{"embeddable":true,"href":"https:\/\/movimento-sociale-italiano.org\/index.php?rest_route=\/wp\/v2\/users\/1"}],"replies":[{"embeddable":true,"href":"https:\/\/movimento-sociale-italiano.org\/index.php?rest_route=%2Fwp%2Fv2%2Fcomments&post=557"}],"version-history":[{"count":1,"href":"https:\/\/movimento-sociale-italiano.org\/index.php?rest_route=\/wp\/v2\/posts\/557\/revisions"}],"predecessor-version":[{"id":559,"href":"https:\/\/movimento-sociale-italiano.org\/index.php?rest_route=\/wp\/v2\/posts\/557\/revisions\/559"}],"wp:featuredmedia":[{"embeddable":true,"href":"https:\/\/movimento-sociale-italiano.org\/index.php?rest_route=\/wp\/v2\/media\/558"}],"wp:attachment":[{"href":"https:\/\/movimento-sociale-italiano.org\/index.php?rest_route=%2Fwp%2Fv2%2Fmedia&parent=557"}],"wp:term":[{"taxonomy":"category","embeddable":true,"href":"https:\/\/movimento-sociale-italiano.org\/index.php?rest_route=%2Fwp%2Fv2%2Fcategories&post=557"},{"taxonomy":"post_tag","embeddable":true,"href":"https:\/\/movimento-sociale-italiano.org\/index.php?rest_route=%2Fwp%2Fv2%2Ftags&post=557"}],"curies":[{"name":"wp","href":"https:\/\/api.w.org\/{rel}","templated":true}]}}