{"id":628,"date":"2022-10-25T10:17:36","date_gmt":"2022-10-25T10:17:36","guid":{"rendered":"https:\/\/movimento-sociale-italiano.org\/?p=628"},"modified":"2022-11-24T12:18:04","modified_gmt":"2022-11-24T12:18:04","slug":"biografia-di-adolf-hitler-il-fuhrer-del-terzo-reich","status":"publish","type":"post","link":"https:\/\/movimento-sociale-italiano.org\/?p=628","title":{"rendered":"Biografia di Adolf Hitler &#8211; Il F\u00fchrer del Terzo Reich"},"content":{"rendered":"\n<p class=\"has-white-color has-text-color\">Adolf Hitler nasce a Braunau, in Austria, nel 1889. La madre \u00e8 una casalinga ed il padre un austero doganiere austriaco. Adolf rimane presto orfano e a 17 anni va a Vienna nel tentativo di intraprendere studi di pittura, ma non viene ammesso all&#8217;Accademia di Belle Arti. Trascorre un periodo di stenti e decide di trasferirsi a Monaco, dove trova occupazioni saltuarie che gli permettono di comunque di mantenersi. A 24 anni, Adolf Hitler si arruola nell&#8217;esercito bavarese, \u00e8 l&#8217;ottobre del 1916. In battaglia, sulla Somme, viene ferito, ma si rimette dopo una discreta degenza. Due anni dopo \u00e8 colpito dai gas della zona delle Fiandre e al momento dell&#8217;armistizio si trova ancora in un ospedale militare. Dimesso poco dopo, rimane presso il suo reggimento e durante i disordini del dopoguerra riesce a farsi notare per la sua eloquenza e la decisa avversione ai soviet militari. Per un breve periodo ricopre l&#8217;incarico di propagandista per la repressione del bolscevismo ed entra a far parte del comitato direttivo del Partito dei Lavoratori Tedeschi. A Monaco, febbraio 1920 organizza una riunione alla Hofburg Haus ed espone il suo programma politico. L&#8217;anno seguente elimina il suo protettore. Drexler diventa presidente del Partito Nazionalsocialista Tedesco dei Lavoratori e, facendo leva sul malcontento e la miseria del popolo, punta a un deciso nazionalismo. Guadagna la stima di Ludendorff, che \u00e8 alla testa delle riforme, e ottiene la direzione delle associazioni combattentistiche. Nel 1923 tenta di scalzare il governo bavarese di Carlo, ma le autorit\u00e0 fanno sparare sui rivoltosi e ci sono 18 morti. Lo stesso Hitler, ferito, viene arrestato e condannato a cinque anni per alto tradimento. In carcere egli detta a un suo compagno, Rudolf Hess. Gli elementi di Mein Kampf, che verranno a determinare le reali fondamenta del suo indirizzo politico. Uscito di prigionia appena dopo un anno, crea le SS sezioni di sicurezza affiancato da Himmler, G\u00f6ring, Hess e riprende la scalata al potere. Le SS erano essenzialmente un un&#8217;organizzazione paramilitare del Partito Nazionalsocialista Tedesco (NSDAP) che svolgeva operazioni di scorta, protezione ed intelligence. Il nome completo era Schutzstaffel o SS, letteralmente dunque \u00absquadre di protezione\u00bb o \u00absquadre di salvaguardia\u00bb. Le SS cominciarono ad operare presto in tutta l&#8217;Europa occupata dai tedeschi.<\/p>\n\n\n<div class=\"wp-block-image\">\n<figure class=\"alignright size-full\"><img loading=\"lazy\" decoding=\"async\" width=\"400\" height=\"607\" src=\"https:\/\/movimento-sociale-italiano.org\/wp-content\/uploads\/2022\/10\/Waffen-SS.jpg\" alt=\"\" class=\"wp-image-633\" srcset=\"https:\/\/movimento-sociale-italiano.org\/wp-content\/uploads\/2022\/10\/Waffen-SS.jpg 400w, https:\/\/movimento-sociale-italiano.org\/wp-content\/uploads\/2022\/10\/Waffen-SS-198x300.jpg 198w\" sizes=\"auto, (max-width: 400px) 100vw, 400px\" \/><figcaption>Manifesto &#8211; Waffen SS<\/figcaption><\/figure><\/div>\n\n\n<p class=\"has-white-color has-text-color\">Il nucleo dell&#8217;organizzazione nacque a Monaco con il nome di Saal-Schutz, ed era composta da volontari del NSDAP utilizzato come servizio di sicurezza durante le riunioni di partito a Monaco. Nel 1925, Heinrich Himmler si un\u00ec all&#8217;unit\u00e0, che nel frattempo era stata riformata e aveva assunto il suo nome definitivo. Sotto la sua direzione (1929-45) crebbe da una piccola formazione paramilitare a una delle organizzazioni pi\u00f9 potenti della Germania nazista. Dal 1929 fino al crollo del regime nel 1945, le SS furono la principale organizzazione di sicurezza, sorveglianza e controllo all&#8217;interno della Germania e dell&#8217;Europa occupata.<\/p>\n\n\n\n<p class=\"has-white-color has-text-color\">Nel 1928 il terremoto finanziario di Wall Street fa entrare in crisi l&#8217;economia mondiale. In Germania si tengono le elezioni politiche e il partito nazista di Hitler ottiene circa 2 milioni di voti. Hindenburg, richiamato dall&#8217;esilio, \u00e8 Presidente del Reich e nel 1931 offre a Hitler di partecipare al governo di Br\u00fcning, ma Hitler nel gennaio 1932 rifiuta il cancellierato. Nell&#8217;Aprile dello stesso anno si presenta per\u00f2 alle elezioni presidenziali. Si getta decisamente in una campagna propagandistica intensa e capillare. Riesce a ottenere circa 13 milioni di voti, che per\u00f2 non sono sufficienti per la sua nomina. Inizia allora una manovra politica col nuovo cancelliere Von Papen e si impadronisce del potere assumendo la presidenza del Reich. Ma la sua posizione \u00e8 consolidata solo il 30 giugno 1934, quando nella Notte dei Lunghi Coltelli fa eliminare coloro che lo ostacolano. Poco dopo anche il vecchio Hindenburg muore e Hitler assume la presidenza e il cancellierato. Ormai alla carica diretta del Governo, Hitler abolisce i partiti, centralizza il potere e crea la Polizia di Stato, la Gestapo.<\/p>\n\n\n<div class=\"wp-block-image\">\n<figure class=\"alignleft size-full is-resized\"><img loading=\"lazy\" decoding=\"async\" src=\"https:\/\/movimento-sociale-italiano.org\/wp-content\/uploads\/2022\/10\/SS-Uniform.jpg\" alt=\"\" class=\"wp-image-634\" width=\"507\" height=\"336\" srcset=\"https:\/\/movimento-sociale-italiano.org\/wp-content\/uploads\/2022\/10\/SS-Uniform.jpg 675w, https:\/\/movimento-sociale-italiano.org\/wp-content\/uploads\/2022\/10\/SS-Uniform-300x199.jpg 300w\" sizes=\"auto, (max-width: 507px) 100vw, 507px\" \/><figcaption>Uniforme delle SS<\/figcaption><\/figure><\/div>\n\n\n<p class=\"has-white-color has-text-color\">Il nazismo \u00e8 al comando della Germania e il F\u00fchrer impone le sue idee nazionaliste e militariste. Potenzia l&#8217;industria pesante. Inquadra i tedeschi nel fronte del lavoro e punta con decisione al riarmo. Intanto Goebbels alla propaganda del Reich promuove campagne per diffondere l&#8217;ideale hitleriano, che comprende la superiorit\u00e0 del popolo tedesco su ogni altro e la lotta contro gli ebrei. Si distruggono le sinagoghe, si bollano gli ebrei come nemici della patria. Molti di essi abbandonano la Germania. Tra questi il grande fisico Einstein, il padre della bomba atomica, tornata come argomento di attualit\u00e0 proprio di recente, con il conflitto in Ucraina.<\/p>\n\n\n\n<p class=\"has-white-color has-text-color\">Hitler prosegue nel suo piano di potenziamento delle forze armate e, approfittando dell&#8217;assenteismo delle nazioni occidentali, il 7 marzo 1936 occupa militarmente la Renania. \u00c8 di questo periodo la nascita e il consolidarsi dei suoi rapporti con Eva Braun, la donna che gli rimarr\u00e0 accanto fino alla fine. Nel 1936 Berlino ospita le Olimpiadi. Nell&#8217;ottobre dello stesso anno il F\u00fchrer stringe un patto d&#8217;alleanza con l&#8217;Italia di Mussolini. \u00c8 la nascita dell&#8217;Asse Roma-Berlino ed \u00e8 a fianco dei fascisti italiani che i soldati del Reich si schierano con le truppe del generale Franco nella guerra civile spagnola. Un conflitto che dopo circa tre anni porter\u00e0 i falangisti di Franco al potere. Hitler, nel contesto della sua lotta contro il comunismo e le nazioni democratiche, sottoscrive un patto d&#8217;alleanza anche col Giappone, patto al quale aderir\u00e0 pure l&#8217;Italia. Contemporaneamente decide di unificare tutti i paesi di lingua tedesca. Nel marzo 1938, annessione dell&#8217;Austria. Poco pi\u00f9 tardi, causa la campagna scatenata dal nazismo a favore delle minoranze tedesche in Boemia, l&#8217;Europa rischia la guerra totale. Mussolini viene chiamato a Monaco per fare da mediatore tra Hitler e le democrazie occidentali. \u00c8 la fine di settembre 1938. La guerra \u00e8 scongiurata, ma la Germania si annette circa un quarto della Cecoslovacchia. A seguito di queste concessioni ottenute a Monaco, Hitler assicura che non avanzer\u00e0 altre rivendicazioni. Ma pochi mesi dopo, marzo 1939, istituisce un nuovo protettorato del Reich, occupando la Boemia, si impadronisce di Memel in Lituania e rivendica un corridoio polacco fino a Danzica per unire la Prussia orientale a quella occidentale. Stringe con l&#8217;Italia il Patto d&#8217;Acciaio. Il 23 agosto 1939 conclude un trattato di non aggressione tra Germania e Russia. Otto giorni dopo invade la Polonia e scoppia la II Guerra Mondiale. Nei piani del F\u00fchrer, questa guerra che non sarebbe dovuta durare pi\u00f9 di sei anni, e avrebbe dovuto essere una guerra lampo, d&#8217;altronde, i primi rapidi successi sembravano dargli ragione.<\/p>\n\n\n\n<p class=\"has-white-color has-text-color\">Poco dopo, la Polonia invade la Danimarca nell&#8217;aprile del 1940 e le truppe tedesche occupano la Norvegia. Nel Maggio dello stesso anno Hitler scatena la sua offensiva contro il Belgio e l&#8217;Olanda. Appena un mese dopo, nel Giugno 1940, le truppe tedesche travolgono il fronte francese e anche la Francia crolla. Hitler con i suoi fedeli entra a Parigi da conquistatore, e obbligher\u00e0 i francesi a firmare la resa in un vagone ferroviario a Compi\u00e8gne, come i francesi fecero con i tedeschi per la sconfitta della I Guerra Mondiale nel 1918. La Germania vive in un clima di esaltazione e Hitler si avvale di ogni successo per ribadire i concetti della superiorit\u00e0 della razza ariana.<\/p>\n\n\n\n<figure class=\"wp-block-image size-large\"><img loading=\"lazy\" decoding=\"async\" width=\"1024\" height=\"682\" src=\"https:\/\/movimento-sociale-italiano.org\/wp-content\/uploads\/2022\/10\/Heil-Hitler-2-1024x682.jpg\" alt=\"\" class=\"wp-image-636\" srcset=\"https:\/\/movimento-sociale-italiano.org\/wp-content\/uploads\/2022\/10\/Heil-Hitler-2-1024x682.jpg 1024w, https:\/\/movimento-sociale-italiano.org\/wp-content\/uploads\/2022\/10\/Heil-Hitler-2-300x200.jpg 300w, https:\/\/movimento-sociale-italiano.org\/wp-content\/uploads\/2022\/10\/Heil-Hitler-2-768x511.jpg 768w, https:\/\/movimento-sociale-italiano.org\/wp-content\/uploads\/2022\/10\/Heil-Hitler-2-696x463.jpg 696w, https:\/\/movimento-sociale-italiano.org\/wp-content\/uploads\/2022\/10\/Heil-Hitler-2-1068x711.jpg 1068w, https:\/\/movimento-sociale-italiano.org\/wp-content\/uploads\/2022\/10\/Heil-Hitler-2.jpg 1200w\" sizes=\"auto, (max-width: 1024px) 100vw, 1024px\" \/><figcaption>Adolf Hitler durante una parata<\/figcaption><\/figure>\n\n\n\n<p class=\"has-white-color has-text-color\">Si reintroduce con forza la campagna antiebraica, iniziano le deportazioni di massa e vengono istituiti i campi di lavoro e di sterminio. Le crudelt\u00e0 di questo immane conflitto al fronte e all&#8217;interno non avranno pi\u00f9 limiti. <\/p>\n\n\n\n<p class=\"has-white-color has-text-color\">Anche nella guerra sui mari i tedeschi mietono vittorie. Il loro potenziale bellico \u00e8 imponente. Il 10 giugno 1940 l&#8217;Italia entra in guerra a fianco della Germania. Nella primavera del 1941 l&#8217;esercito tedesco con l&#8217;alleato italiano occupa prima la Jugoslavia e poi la Grecia. Hitler ha esteso cos\u00ec il suo dominio su quasi tutta l&#8217;Europa continentale e il sogno della Germania come superpotenza mondiale \u00e8 realizzato. La sete di conquista del F\u00fchrer \u00e8 ormai inestinguibile e con questa non tarda il primo fatale errore, quando la Germania dichiara guerra anche alla Russia e il 22 giugno 1941 l&#8217;esercito tedesco invade il territorio sovietico. L&#8217;offensiva contro Mosca, per\u00f2, nonostante il promettente inizio, non ha buon esito. Hitler destituisce il Comandante Supremo e assume personalmente il comando. Il 1942 \u00e8 un anno di nuovi successi militari tedeschi, ma la strenua resistenza dei russi a Stalingrado e le sconfitte italo-germaniche in Africa ad opera degli inglesi cominciano a rovesciare le sorti della guerra. Le truppe anglo americane sbarcano in Italia il 25 luglio 1943. Mussolini viene destituito e fatto prigioniero. Sar\u00e0 liberato poco dopo grazie a un colpo di mano di un commando tedesco, nella celeberrima Operazione Quercia. l&#8217;Italia intanto capitola e firma l&#8217;armistizio. Hitler caparbiamente non vuole riconoscere il mutare della societ\u00e0. Con i suoi discorsi tenta di mantenere saldo il morale dei soldati e dei borghesi. Il 6 giugno 1944 gli alleati anglo-americani sbarcano in Normandia. La Germania viene impegnata sul secondo fronte e la resistenza tedesca comincia a vacillare. Il 20 luglio 1944 il Colonnello Von Stauffenberg, esponente di un gruppo dei conservatori, tenta di eliminare Hitler. L&#8217;attentato fallisce. Come gi\u00e0 un altro precedente, Hitler riceve, presso il bunker dove si \u00e8 rifugiato, i suoi fedeli e Mussolini, che si congratulano con lui per lo scampato pericolo. L&#8217;esercito tedesco \u00e8 decimato. Hitler arruola i giovanissimi e gli anziani della riserva. La Germania \u00e8 allo stremo, ma il F\u00fchrer punta sulla speranza delle armi segrete. La V-1, la V2 e la bomba atomica, lo studio sui vasti fronti, la pressione delle truppe anglo-americane da una parte e i russi dall&#8217;altra \u00e8 ormai incontenibile. Hitler, ormai logorato, si rifuger\u00e0 nel suo bunker da dove, stando alla storiografia ufficiale, non uscir\u00e0 pi\u00f9. Il 29 aprile sposa la sua compagna Eva Braun e designa l&#8217;ammiraglio D\u00f6nitz quale suo successore. Il conflitto prosegue e al termine la Germania crolla. <\/p>\n\n\n\n<p class=\"has-white-color has-text-color\">Hitler, secondo la cronaca, il 30 aprile si toglie la vita nel suo bunker. Il suo corpo non fu mai ritrovato e ci\u00f2 aliment\u00f2 ed alimenta tuttora voci sulla sua sopravvivenza alla disfatta del Reich.<\/p>\n","protected":false},"excerpt":{"rendered":"<p>Adolf Hitler nasce a Braunau, in Austria, nel 1889. La madre \u00e8 una casalinga ed il padre un austero doganiere austriaco. Adolf rimane presto orfano e a 17 anni va a Vienna nel tentativo di intraprendere studi di pittura, ma non viene ammesso all&#8217;Accademia di Belle Arti. Trascorre un periodo di stenti e decide di [&hellip;]<\/p>\n","protected":false},"author":4,"featured_media":631,"comment_status":"open","ping_status":"open","sticky":false,"template":"","format":"standard","meta":{"om_disable_all_campaigns":false,"_monsterinsights_skip_tracking":false,"_monsterinsights_sitenote_active":false,"_monsterinsights_sitenote_note":"","_monsterinsights_sitenote_category":0,"footnotes":""},"categories":[15],"tags":[32,36,35,34],"class_list":{"0":"post-628","1":"post","2":"type-post","3":"status-publish","4":"format-standard","5":"has-post-thumbnail","7":"category-storia-della-destra","8":"tag-adolf-hitler","9":"tag-germania-nazista","10":"tag-ss","11":"tag-terzo-reich"},"aioseo_notices":[],"_links":{"self":[{"href":"https:\/\/movimento-sociale-italiano.org\/index.php?rest_route=\/wp\/v2\/posts\/628","targetHints":{"allow":["GET"]}}],"collection":[{"href":"https:\/\/movimento-sociale-italiano.org\/index.php?rest_route=\/wp\/v2\/posts"}],"about":[{"href":"https:\/\/movimento-sociale-italiano.org\/index.php?rest_route=\/wp\/v2\/types\/post"}],"author":[{"embeddable":true,"href":"https:\/\/movimento-sociale-italiano.org\/index.php?rest_route=\/wp\/v2\/users\/4"}],"replies":[{"embeddable":true,"href":"https:\/\/movimento-sociale-italiano.org\/index.php?rest_route=%2Fwp%2Fv2%2Fcomments&post=628"}],"version-history":[{"count":4,"href":"https:\/\/movimento-sociale-italiano.org\/index.php?rest_route=\/wp\/v2\/posts\/628\/revisions"}],"predecessor-version":[{"id":640,"href":"https:\/\/movimento-sociale-italiano.org\/index.php?rest_route=\/wp\/v2\/posts\/628\/revisions\/640"}],"wp:featuredmedia":[{"embeddable":true,"href":"https:\/\/movimento-sociale-italiano.org\/index.php?rest_route=\/wp\/v2\/media\/631"}],"wp:attachment":[{"href":"https:\/\/movimento-sociale-italiano.org\/index.php?rest_route=%2Fwp%2Fv2%2Fmedia&parent=628"}],"wp:term":[{"taxonomy":"category","embeddable":true,"href":"https:\/\/movimento-sociale-italiano.org\/index.php?rest_route=%2Fwp%2Fv2%2Fcategories&post=628"},{"taxonomy":"post_tag","embeddable":true,"href":"https:\/\/movimento-sociale-italiano.org\/index.php?rest_route=%2Fwp%2Fv2%2Ftags&post=628"}],"curies":[{"name":"wp","href":"https:\/\/api.w.org\/{rel}","templated":true}]}}