{"id":887,"date":"2022-11-05T20:09:14","date_gmt":"2022-11-05T20:09:14","guid":{"rendered":"https:\/\/movimento-sociale-italiano.org\/?p=887"},"modified":"2022-11-05T20:09:15","modified_gmt":"2022-11-05T20:09:15","slug":"gianfranco-miglio-parole-estremamente-attuali-ventanni-dopo","status":"publish","type":"post","link":"https:\/\/movimento-sociale-italiano.org\/?p=887","title":{"rendered":"Gianfranco Miglio &#8211; Parole estremamente attuali (vent&#8217;anni dopo)"},"content":{"rendered":"\n<p class=\"has-white-color has-text-color\"><em><strong>\u201cIl grado di civilt\u00e0 politica di un paese dipende dal modo con cui si riesce a limitare la quantit\u00e0 e la presenza dei parassiti. I parassiti sono nella societ\u00e0 cos\u00ec come sono sugli animali. Se i parassiti crescono al di l\u00e0 di un certo limite l\u2019animale muore e muore una societ\u00e0. Il parassita \u00e8 colui che non produce ricchezza ma vive consumando quella prodotta dagli altri. Centralismo e parassitismo sono due fenomeni strettamente collegati fra loro. Il Paese che siamo chiamati a cercar di cambiare \u00e8 ammalato da un esercito di pidocchi\u201d.(Gianfranco Miglio \u2013 11 gennaio 1918 \u2013 10 agosto 2001)<\/strong><\/em><\/p>\n\n\n\n<p class=\"has-white-color has-text-color\">Suona familiare? Sar\u00e0 perch\u00e9 il parassitaggio effettuato dalle multinazionali e dalle grandi banche, \u00e8 oramai talmente evidente da esser considerato quasi una normale consuetudine. Come per un cane che vive in campagna, trovarsi di tanto in tanto coi pidocchi. Noi per\u00f2 siamo meno fortunati di quel cane, \u00e8 la presa usuraia bancaria, politica e sanitaria, da tre anni non da pi\u00f9 tregua, anzi continua ad alzare i toni, mirando ora a trascinare l&#8217;Italia in un conflitto in cui il 70% degli italiani si \u00e8 gi\u00e0 espresso diverse e frequenti volte con un &#8220;no&#8221; categorico ed assoluto, di cui nessun Governo, n\u00e9 attuale n\u00e9 precedente a minimamente dato il bench\u00e9 minimo peso.<\/p>\n\n\n\n<p class=\"has-white-color has-text-color\">Adesso i pruriti dei soliti parassiti si estendono alla vendita di armi e al recuperare la delirante egemonia occidentale-globalista, tutto questo fermo restando l&#8217;artiglio per imporre la vendita coatta di sieri sperimentali e il perenne debito che questy Shylok impongono attraverso i governi che hanno infiltrato.<\/p>\n\n\n\n<p class=\"has-white-color has-text-color\">Ancor di pi\u00f9 si fa chiara la consapevolezza che senza di questi, non ci sarebbe stata alcuna \u201cpandemia\u201d e, virus o meno, non avremmo mai conosciuto abomini come <em>lockdown<\/em> o distanziamento sociale, n\u00e9 sapremmo cos\u2019\u00e8 un PCR Test e di certo le mascherine le avremmo viste solo in ospedale.<\/p>\n","protected":false},"excerpt":{"rendered":"<p>\u201cIl grado di civilt\u00e0 politica di un paese dipende dal modo con cui si riesce a limitare la quantit\u00e0 e la presenza dei parassiti. I parassiti sono nella societ\u00e0 cos\u00ec come sono sugli animali. Se i parassiti crescono al di l\u00e0 di un certo limite l\u2019animale muore e muore una societ\u00e0. Il parassita \u00e8 colui [&hellip;]<\/p>\n","protected":false},"author":2,"featured_media":888,"comment_status":"open","ping_status":"open","sticky":false,"template":"","format":"standard","meta":{"om_disable_all_campaigns":false,"_monsterinsights_skip_tracking":false,"_monsterinsights_sitenote_active":false,"_monsterinsights_sitenote_note":"","_monsterinsights_sitenote_category":0,"footnotes":""},"categories":[16],"tags":[48],"class_list":{"0":"post-887","1":"post","2":"type-post","3":"status-publish","4":"format-standard","5":"has-post-thumbnail","7":"category-notizie","8":"tag-gianfranco-miglio"},"aioseo_notices":[],"_links":{"self":[{"href":"https:\/\/movimento-sociale-italiano.org\/index.php?rest_route=\/wp\/v2\/posts\/887","targetHints":{"allow":["GET"]}}],"collection":[{"href":"https:\/\/movimento-sociale-italiano.org\/index.php?rest_route=\/wp\/v2\/posts"}],"about":[{"href":"https:\/\/movimento-sociale-italiano.org\/index.php?rest_route=\/wp\/v2\/types\/post"}],"author":[{"embeddable":true,"href":"https:\/\/movimento-sociale-italiano.org\/index.php?rest_route=\/wp\/v2\/users\/2"}],"replies":[{"embeddable":true,"href":"https:\/\/movimento-sociale-italiano.org\/index.php?rest_route=%2Fwp%2Fv2%2Fcomments&post=887"}],"version-history":[{"count":1,"href":"https:\/\/movimento-sociale-italiano.org\/index.php?rest_route=\/wp\/v2\/posts\/887\/revisions"}],"predecessor-version":[{"id":889,"href":"https:\/\/movimento-sociale-italiano.org\/index.php?rest_route=\/wp\/v2\/posts\/887\/revisions\/889"}],"wp:featuredmedia":[{"embeddable":true,"href":"https:\/\/movimento-sociale-italiano.org\/index.php?rest_route=\/wp\/v2\/media\/888"}],"wp:attachment":[{"href":"https:\/\/movimento-sociale-italiano.org\/index.php?rest_route=%2Fwp%2Fv2%2Fmedia&parent=887"}],"wp:term":[{"taxonomy":"category","embeddable":true,"href":"https:\/\/movimento-sociale-italiano.org\/index.php?rest_route=%2Fwp%2Fv2%2Fcategories&post=887"},{"taxonomy":"post_tag","embeddable":true,"href":"https:\/\/movimento-sociale-italiano.org\/index.php?rest_route=%2Fwp%2Fv2%2Ftags&post=887"}],"curies":[{"name":"wp","href":"https:\/\/api.w.org\/{rel}","templated":true}]}}