{"id":895,"date":"2022-11-06T15:07:41","date_gmt":"2022-11-06T15:07:41","guid":{"rendered":"https:\/\/movimento-sociale-italiano.org\/?p=895"},"modified":"2022-11-06T15:07:41","modified_gmt":"2022-11-06T15:07:41","slug":"la-democrazia-e-un-paradosso-irrisolvibile-ed-una-contraddizione-logica","status":"publish","type":"post","link":"https:\/\/movimento-sociale-italiano.org\/?p=895","title":{"rendered":"La Democrazia \u00e8 un paradosso irrisolvibile ed una contraddizione logica"},"content":{"rendered":"\n<p>Se descrivi una situazione come Catch-22, intendi che \u00e8 una situazione impossibile perch\u00e9 non puoi avere una cosa finch\u00e9 non ne hai un&#8217;altra, ma non puoi avere la seconda cosa finch\u00e9 non hai la prima.<br>Come dire che nessuno vuole supportarti finch\u00e9 non avrai successo, ma senza il supporto non potrai mai avere successo.<\/p>\n\n\n\n<p>La Democrazia stessa \u00e8 un paradosso irrisolvibile, paragonabile esattamente ad una \u201cCatch 22\u201d, proprio perch\u00e9, dovendo essere, anche la Democrazia, comunque un sistema di potere, diviene per definizione un paradosso, dal momento che un potere non pu\u00f2 mai esser democratico, senza cessare di essere un potere e questo lo si vede particolarmente bene nelle forme di democrazia attuali, tanto pi\u00f9 capiti che i governanti, regolarmente eletti, facciano l\u2019opposto di quanto sia voluto dal popolo, se non addirittura disattendano il programma con cui si erano proposti e per cui erano stati eletti.<\/p>\n\n\n\n<p>Per questo credo che sia fondamentale, non mirare tanto a migliorare i meccanismi democratici, volti a coinvolgere formalmente le masse pi\u00f9 direttamente nelle decisioni, perch\u00e9 comunque il potere derivante da quel meccanismo, verr\u00e0 sempre intercettato dalla persona che rappresenta l\u2019autorit\u00e0 di turno, che agir\u00e0 pertanto sempre discrezionalmente, fintanto ne avr\u00e0 possibilit\u00e0.<\/p>\n\n\n\n<p>Molto pi\u00f9 importante sarebbe, a mio avviso, potenziare i meccanismi costituzionali che rendano intoccabili le libert\u00e0 fondamentali, che sono poi le uniche cose che effettivamente contano e che se tutelate, ci mettono in salvo da qualsiasi abuso che possa mettere a rischio la nostra esistenza, pertanto i diritti fondamentali che non debbono finire al vaglio discrezionale dei governanti, sono la vita, la salute, la propriet\u00e0 privata e l\u2019istruzione.<\/p>\n\n\n\n<p>In molti si sorprenderebbero nell\u2019apprendere che il termine \u201cdemocrazia\u201d non appare neanche una volta nella Dichiarazione di Indipendenza americana del 1776 e tanto meno nella Costituzione degli USA; la ragione sta proprio nello scetticismo da parte dei Padri Fondatori , che guardavano con diffidenza e timore al nudo concetto di democrazia, perch\u00e9 erano consapevoli del fatto che le cose pi\u00f9 importanti non devono passare dal vaglio discrezionale di una persona, ma debbano essere sempre garantiti a monte.<\/p>\n\n\n\n<p>La Costituzione americana, che oggi prendiamo ad esempio, \u00e8 dunque, principalmente, un documento strutturale e procedurale che specifica chi e come debba esercitare il potere; si tratta dunque di uno scudo per proteggere le persone dal governo e non il contrario. La costituzione americana \u00e8 stata dunque strutturata con la funzione di governare il governo e non il popolo. La Carta americani dei Diritti dunque, istituisce i diritti del popolo contro le infrazioni dello Stato. L\u2019unica cosa che i cittadini possono chiedere dallo Stato, sotto la Carta dei Diritti, \u00e8 un processo da parte di una giuria. Il resto dei diritti dei cittadini, sono solo protezioni dallo Stato. Per circa un secolo dopo la ratifica della Costituzione di fatti, la propriet\u00e0 privata, i contratti ed il commercio nei confini degli Stati Uniti erano sacri e il potere di intromissione da parte del Governo era molto vicino allo zero, appunto per garantire, nella concretezza che venisse protetta la libert\u00e0.<\/p>\n\n\n\n<p><\/p>\n\n\n\n<figure class=\"wp-block-embed is-type-video is-provider-youtube wp-block-embed-youtube wp-embed-aspect-16-9 wp-has-aspect-ratio\"><div class=\"wp-block-embed__wrapper\">\n<iframe loading=\"lazy\" title=\"La Democrazia \u00e8 un paradosso irrisolvibile ed una contraddizione logica - &quot;4 Minuti con Marco&quot;\" width=\"696\" height=\"392\" src=\"https:\/\/www.youtube.com\/embed\/R3-IMn54094?feature=oembed\" frameborder=\"0\" allow=\"accelerometer; autoplay; clipboard-write; encrypted-media; gyroscope; picture-in-picture\" allowfullscreen><\/iframe>\n<\/div><\/figure>\n","protected":false},"excerpt":{"rendered":"<p>Se descrivi una situazione come Catch-22, intendi che \u00e8 una situazione impossibile perch\u00e9 non puoi avere una cosa finch\u00e9 non ne hai un&#8217;altra, ma non puoi avere la seconda cosa finch\u00e9 non hai la prima.Come dire che nessuno vuole supportarti finch\u00e9 non avrai successo, ma senza il supporto non potrai mai avere successo. La Democrazia [&hellip;]<\/p>\n","protected":false},"author":3,"featured_media":896,"comment_status":"open","ping_status":"open","sticky":false,"template":"","format":"standard","meta":{"om_disable_all_campaigns":false,"_monsterinsights_skip_tracking":false,"_monsterinsights_sitenote_active":false,"_monsterinsights_sitenote_note":"","_monsterinsights_sitenote_category":0,"footnotes":""},"categories":[16],"tags":[53,52,21],"class_list":{"0":"post-895","1":"post","2":"type-post","3":"status-publish","4":"format-standard","5":"has-post-thumbnail","7":"category-notizie","8":"tag-catch-22","9":"tag-democrazia","10":"tag-marco-rigamonti"},"aioseo_notices":[],"_links":{"self":[{"href":"https:\/\/movimento-sociale-italiano.org\/index.php?rest_route=\/wp\/v2\/posts\/895","targetHints":{"allow":["GET"]}}],"collection":[{"href":"https:\/\/movimento-sociale-italiano.org\/index.php?rest_route=\/wp\/v2\/posts"}],"about":[{"href":"https:\/\/movimento-sociale-italiano.org\/index.php?rest_route=\/wp\/v2\/types\/post"}],"author":[{"embeddable":true,"href":"https:\/\/movimento-sociale-italiano.org\/index.php?rest_route=\/wp\/v2\/users\/3"}],"replies":[{"embeddable":true,"href":"https:\/\/movimento-sociale-italiano.org\/index.php?rest_route=%2Fwp%2Fv2%2Fcomments&post=895"}],"version-history":[{"count":1,"href":"https:\/\/movimento-sociale-italiano.org\/index.php?rest_route=\/wp\/v2\/posts\/895\/revisions"}],"predecessor-version":[{"id":897,"href":"https:\/\/movimento-sociale-italiano.org\/index.php?rest_route=\/wp\/v2\/posts\/895\/revisions\/897"}],"wp:featuredmedia":[{"embeddable":true,"href":"https:\/\/movimento-sociale-italiano.org\/index.php?rest_route=\/wp\/v2\/media\/896"}],"wp:attachment":[{"href":"https:\/\/movimento-sociale-italiano.org\/index.php?rest_route=%2Fwp%2Fv2%2Fmedia&parent=895"}],"wp:term":[{"taxonomy":"category","embeddable":true,"href":"https:\/\/movimento-sociale-italiano.org\/index.php?rest_route=%2Fwp%2Fv2%2Fcategories&post=895"},{"taxonomy":"post_tag","embeddable":true,"href":"https:\/\/movimento-sociale-italiano.org\/index.php?rest_route=%2Fwp%2Fv2%2Ftags&post=895"}],"curies":[{"name":"wp","href":"https:\/\/api.w.org\/{rel}","templated":true}]}}