{"id":923,"date":"2022-11-17T23:36:18","date_gmt":"2022-11-17T23:36:18","guid":{"rendered":"https:\/\/movimento-sociale-italiano.org\/?p=923"},"modified":"2022-11-17T23:51:56","modified_gmt":"2022-11-17T23:51:56","slug":"intervista-a-pino-rauti-su-fascismo-e-contemporaneita","status":"publish","type":"post","link":"https:\/\/movimento-sociale-italiano.org\/?p=923","title":{"rendered":"Intervista a Pino Rauti su Fascismo e contemporaneit\u00e0"},"content":{"rendered":"\n<p class=\"has-white-color has-text-color\"><strong>Pino Rauti intervistato parla del concetto di Fascismo in relazione all&#8217;epoca contemporanea e alle fasi storiche. Di seguito la trascrizione integrale della sua risposta.<\/strong><\/p>\n\n\n\n<p class=\"has-white-color has-text-color\"><\/p>\n\n\n\n<p class=\"has-white-color has-text-color\">Sembra che il dibattito un qualche risultato lo abbia raggiunto attraverso una serie di interventi tutti pregevoli, ognuno dal proprio punto di vista. Direi che \u00e8 chiaro che non ci dobbiamo far intrappolare da una falsa polemica fascismo antifascismo.<\/p>\n\n\n\n<p class=\"has-white-color has-text-color\">Perch\u00e9? Perch\u00e9 il fascismo, come ogni grande movimento politico dell&#8217;epoca moderna e di tutte di tutte le epoche cosa \u00e8 stato \u00e8 stato due cose insieme intrecciati una un regime un tipo di Stato un tipo di economia una politica estera. Il tutto svolto nell&#8217;arco temporale tra la prima e la seconda guerra mondiale e quel regime e non \u00e8 superato o finito o \u00e8 morto. Dire che un regime \u00e8 morto \u00e8 una sciocchezza e \u00e8 passato come tutte le cose che storicamente si realizzano, fu anche un&#8217;altra cosa. Fu la realizzazione parziale o totale secondo i punti di vista.<\/p>\n\n\n\n<p class=\"has-white-color has-text-color\">Qui il dibattito \u00e8 aperto. Di un determinato insieme di valori che preesistevano al fascismo che in qualche modo si incarnavano bene o male nel nell&#8217;epoca del regime fascista e che quindi hanno il diritto essendo preesistenti al fascismo di continuare ad esistere successivamente. Ma questo caro Carlo Grimaldi non ci deve portare come dire al neutralismo acritico non so se mi spiego. Che non \u00e8 che tutti siamo un Pantheon in cui entrano tutti chi e liberale che monarchico dice cose che io su questo sinceramente sinceramente non sono d&#8217;accordo perch\u00e9 bisogna precisare quali sono questi valori. Allora una concezione spirituale della vita il primato della politica sull&#8217;economia il rifiuto che la economia sia il destino dell&#8217;uomo un rapporto equilibrato tra l&#8217;uomo e l&#8217;ambiente. La ripresa in termini anche di struttura giuridica dello Stato del senso della comunit\u00e0 contro il falso senso della societ\u00e0 degli affari, dei commerci dei traffici eccetera eccetera ecco tutto questo fu esisteva prima del fascismo c&#8217;\u00e8 un&#8217;espressione bellissima ci sono valori che non sono n\u00e9 di oggi n\u00e9 di ieri sono di sempre.<\/p>\n\n\n\n<p class=\"has-white-color has-text-color\">Paura dei genitori dicevano i greci di oggi di ieri e di sempre per cui \u00e8 una polemica pretestuosa dire questo \u00e8 il fascismo esisteva prima cio\u00e8 il Medioevo ghibellino per me c&#8217;era l&#8217;impero romano guardate questa domanda che ci torna addosso eccetera. A me me la posero e mi agghiacciata i giudici che mi interrogarono nel 76 per tre giorni di seguito per il processo per la strage di piazza Fontana. L\u00ec mi giocavo l&#8217;ergastolo e dissero Ma mettiamo da parte le carte, sono tutti indizi. Ma lei chi \u00e8 fascista? E nazista? E razzista e imperialista? Che uomo! E perch\u00e9 Noi dobbiamo decidere ed era sottinteso, dobbiamo decidere del suo. Allora io tirai fuori l&#8217;immagine dell&#8217;albero come domandare a un albero Io non sono un nostalgico, come domandare a un albero se \u00e8 nostalgico delle sue radici. L&#8217;albero obbedisce alle leggi del suo tempo. Poi dopo l&#8217;albero ci sono le foglie, i fiori e frutta. Ognuno avvizzisce, per\u00f2 traggono alimento da quel qualcosa che li ha pi\u00f9 o meno lontanamente originali. Io li dissi paradossalmente io potrei oggi dirvi che sono fascista, nazista, nazista, nonostante gli orrori che hanno macchiato le pagine di questo regime. E dissi al giudice Lombardi ricordo lei \u00e8 cattolico so che va tutte le domenica in chiesa con la famiglia come fa a essere cattolico dopo le stragi dell&#8217;Inquisizione? Ma non sa che l&#8217;Inquisizione in tre secoli ha bruciato o ucciso 4 milioni mezzo di persone? E come la mettiamo con la strage degli albigesi e dei catari o col genocidio di interi popoli? Per\u00f2 lei oggi \u00e8 cattolico. Allora oggi un comunista potrebbe dire lo dicono nonostante gli orrori di Stalin, io sono comunista, quella fu una deviazione. E lo stesso potrei dire io. Ma io non dico questo. Io sono un ammiratore intellettuale, che so della Mitteleuropa, e non per questo voglio riportare gli Asburgo sul trono di Vienna, perch\u00e9 ogni forma storica ha il suo tempo.<\/p>\n\n\n\n<p class=\"has-white-color has-text-color\">Caro, caro Leo Grimaldi, capisci? Ha il suo tempo, la sua forma di manifestazione e come forme manifestate come il socialismo realizzato. Cos\u00ec c&#8217;\u00e8 stato un fascismo realizzato bene o male. Queste discussioni facciamo appositi convegni, ne discutiamo per\u00f2 quell&#8217;insieme di valori che formano tutti insieme una concezione dell&#8217;uomo, della societ\u00e0, della vita del mondo di quello che volete ma concezione globale ecco per quei valori noi continuiamo continuiamo la nostra battaglia e tra questi valori caro Leo se mi dicessero perch\u00e9 poi in ogni insieme di valori c&#8217;\u00e8 un baricentro che a secondo delle epoche storiche tende a manifestarsi e a impregnare di s\u00e9 tutto tutto il resto.<\/p>\n\n\n\n<p class=\"has-white-color has-text-color\">I valori di quell&#8217;epoca furono centrati soprattutto sullo stato, ordine, autorit\u00e0, disciplina, Stato. Per vari motivi. Potrei dire con una battuta che il fascismo fu un sistema di costrizione per far recuperare all&#8217;Italia l&#8217;enorme ritardo che aveva accumulato con le generazioni. Precedenti in Italia morivano il 23, 24, 25 65.000 italiani di tubercolosi. Con un&#8217;opera di profilassi collettiva colossale che cominciava con le scuole, arrivava alla bonifica delle paludi pontine, portava milioni di bambini nelle colonie marine montane. I morti per tubercolosi del crebbero fino ai 1800 morti del 1939. Prima della penicillina fu il regime che sconfisse questa piaga da deceduto lo Stato totalitario. Beh furono salvati 1.000.000 di italiani dalla morte per tubercolosi, per non parlare del tracoma e di altre cose. Noi eravamo un paese balcanico e allora se uno si rompe una gamba che fa? Si mette una durissima protesi e si ingessa la gamba e fa male l&#8217;ingessatura, \u00e8 dura sopportarsi l&#8217;ingessatura per far riacquistare agilit\u00e0 all&#8217;arto. Superata questa fase di emergenza, il fascismo si sarebbe evoluto.<\/p>\n\n\n\n<p class=\"has-white-color has-text-color\">La dittatura non appartiene al dottrinario, al fascismo, n\u00e9 hanno alcuna dottrina politica. La dittatura non \u00e8 una categoria delle dottrine politiche, \u00e8 un&#8217;emergenza della storia. Ci sono dittature positive o dittature negative. Pilsudski con la sua dittatura ha salvato la Polonia dal bolscevismo perch\u00e9 la cavalleria di Budoni \u00e8 arrivata alle porte di Varsavia. Kemal Ataturk ha creato dal crollo dell&#8217;impero romano con dittatura durissima, fucilavano la gente se portava i simboli del vecchio regime, il velo delle donne fucilavano.<\/p>\n\n\n<div class=\"wp-block-image\">\n<figure class=\"alignright size-full is-resized\"><img loading=\"lazy\" decoding=\"async\" src=\"https:\/\/movimento-sociale-italiano.org\/wp-content\/uploads\/2022\/11\/Pino-Rauti.jpg\" alt=\"\" class=\"wp-image-925\" width=\"345\" height=\"249\" srcset=\"https:\/\/movimento-sociale-italiano.org\/wp-content\/uploads\/2022\/11\/Pino-Rauti.jpg 635w, https:\/\/movimento-sociale-italiano.org\/wp-content\/uploads\/2022\/11\/Pino-Rauti-300x216.jpg 300w\" sizes=\"auto, (max-width: 345px) 100vw, 345px\" \/><figcaption>Pino Rauti<\/figcaption><\/figure><\/div>\n\n\n<p class=\"has-white-color has-text-color\">La gente per\u00f2 ha creato la Turchia moderna, la quale Turchia moderna ancora oggi regge contro l&#8217;islamismo. Se oggi l&#8217;Europa si salva \u00e8 anche perch\u00e9 Kemal Ataturk fu un dittatore. Ma regime fu un dittatore che ha salvato la Finlandia due volte in condizioni drammatiche. Quindi c&#8217;\u00e8 dittatura e dittatura. Non si pu\u00f2 dire, tutte le dittature sono sbagliate. Cromwell \u00e8 positivo, Ho sbagliato ancora. La storia sta discutendo su quello che fecero le famose teste rasate di Cromwell. Quindi dico, premesso questo \u00e8 chiaro ci si batta per ci si batte per per dei valori per un insieme di cose per questi valori oggi il baricentro io lo vedrei spostato in termini sociali caro caro Leo Vivaldi ma quando si dice sociale allora il termine che mi viene pi\u00f9 vicino che non capisco perch\u00e9 debba essere discusso accantonato emarginato o addirittura spento.<\/p>\n\n\n\n<p class=\"has-white-color has-text-color\">Il Movimento Sociale Italiano tu stesso dice oggi che noi ci distinguiamo da Forza Italia e sono d&#8217;accordissimo, hai fatto bene a dirlo ed \u00e8 da parte tua affermazione coraggiosa Venendo da uno come te ci distinguiamo per i contenuti sociali perch\u00e9 altrimenti non avremmo ragione di distinguerci noi il generico patriottismo e siamo tutti patriottici. Bisogna vedere poi quali merci avariate si portano dietro il patriottismo. Noi siamo per uno stato sociale, io sono per il corporativismo, io sono per la socializzazione. Su questo per\u00f2, naturalmente, c&#8217;\u00e8 tutto da discutere, da rivedere, da aggiornare, tutto quello che vogliamo. Ma se noi poniamo come motore destino dell&#8217;uomo, come motore, destino dell&#8217;uomo, la fine della storia di Fukuyama ecco siamo arrivati all&#8217;unico mondo liberal democratico capitalistico e consumatore e per cui non c&#8217;\u00e8 pi\u00f9 storia non c&#8217;\u00e8 storia c&#8217;\u00e8 da rifare gli Stati, le societ\u00e0, l&#8217;uomo le famiglie eccetera. E tutto questo \u00e8 battaglia sociale che si fa col Movimento Sociale italiano mi permetto di ricordare che sono quarant&#8217;anni che noi la facciamo non \u00e8 che abbiamo aspettato il crollo del regime per credere in determinate in determinate cose noi non chiediamo a nessuno dov&#8217;eri tu dieci anni fa cinque anni fa 15 anni fa notavamo che noi 15 anni fa difendiamo queste cose e mi ricordo anche Edo che quando si critica oggi la societ\u00e0 unidimensionale cio\u00e8 si cita Marcuse. Beh ci furono pensatori e scrittori nostri che non hanno aspettato n\u00e9 Marcuse n\u00e9 Adorno e Horkheimer nella Scuola di Francoforte. Evola nel 1934 ha scritto opere bellissime contro il l&#8217;americanismo loro gli Stati Uniti d&#8217;America contro l&#8217;americanismo costo quel concetto di siccit\u00e0. Pagine che per me, insieme a quelle di Spengler e di tanti altri, hanno addirittura un valore profetico. Forse per questo accade che oggi Evola il tradotto in Russia con enorme successo e tra poco penso che tradurranno con eguale successo il liberal capitalismo sta devastando il mondo, sta creando problemi anche all&#8217;interno degli Stati Uniti d&#8217;America.<\/p>\n\n\n\n<p class=\"has-white-color has-text-color\">Quando dice Gli Stati Uniti sono preoccupati, ma la sinistra \u00e8 preoccupata gli abbiamo tolto il sonno. Il minimo che potessimo fare sarebbe grave se non fossero preoccupati a sinistra dal nostro successo e gli toglieremo ancora il sonno per il successo alle europee. E quando ci dicono gli americani sono preoccupati, dice Ma da quale pulpito fanno gli americani a un popolo ricco di storia come noi e come gli europei fanno la loro predica? Ma si guardino i mali spaventosi che hanno nel loro paese. Ma lo sapete che gli americani hanno 1.000.000 di detenuti in quelle carceri infernali che che che sono la vergogna dell&#8217;umanit\u00e0 hanno quattro volte pi\u00f9 detenuti di quanti ce ne siano in media in Italia, in Francia e nella Comunit\u00e0 europea hanno avuto pi\u00f9 morti per AIDS che nella guerra del Vietnam hanno citt\u00e0 invivibili hanno bambini che debbono andare a scuola con le pistole negli zainetti, hanno una situazione vergognosa all&#8217;interno dal punto di vista. Essi permettono a noi, che abbiamo ancora civilt\u00e0, cultura, citt\u00e0 a misura d&#8217;uomo, di giudicarci. Noi facciamo in assoluta autonomia le nostre scelte. L&#8217;egemonia americanista non la riconosciamo e anzi la contestiamo e ci appelliamo a tutto il nostro retroterra spirituale per indicare a noi stessi, all&#8217;Italia e l&#8217;Europa delle strade nuove, sulle quali anche gli americani dovranno venire se vorranno salvarsi dal baratro in cui stanno piombando.<\/p>\n","protected":false},"excerpt":{"rendered":"<p>Pino Rauti intervistato parla del concetto di Fascismo in relazione all&#8217;epoca contemporanea e alle fasi storiche. Di seguito la trascrizione integrale della sua risposta. Sembra che il dibattito un qualche risultato lo abbia raggiunto attraverso una serie di interventi tutti pregevoli, ognuno dal proprio punto di vista. Direi che \u00e8 chiaro che non ci dobbiamo [&hellip;]<\/p>\n","protected":false},"author":2,"featured_media":928,"comment_status":"open","ping_status":"open","sticky":false,"template":"","format":"standard","meta":{"om_disable_all_campaigns":false,"_monsterinsights_skip_tracking":false,"_monsterinsights_sitenote_active":false,"_monsterinsights_sitenote_note":"","_monsterinsights_sitenote_category":0,"footnotes":""},"categories":[14,16],"tags":[30,57,58],"class_list":{"0":"post-923","1":"post","2":"type-post","3":"status-publish","4":"format-standard","5":"has-post-thumbnail","7":"category-figure-storiche-msi","8":"category-notizie","9":"tag-movimento-sociale-italiano","10":"tag-msi","11":"tag-pino-rauti"},"aioseo_notices":[],"_links":{"self":[{"href":"https:\/\/movimento-sociale-italiano.org\/index.php?rest_route=\/wp\/v2\/posts\/923","targetHints":{"allow":["GET"]}}],"collection":[{"href":"https:\/\/movimento-sociale-italiano.org\/index.php?rest_route=\/wp\/v2\/posts"}],"about":[{"href":"https:\/\/movimento-sociale-italiano.org\/index.php?rest_route=\/wp\/v2\/types\/post"}],"author":[{"embeddable":true,"href":"https:\/\/movimento-sociale-italiano.org\/index.php?rest_route=\/wp\/v2\/users\/2"}],"replies":[{"embeddable":true,"href":"https:\/\/movimento-sociale-italiano.org\/index.php?rest_route=%2Fwp%2Fv2%2Fcomments&post=923"}],"version-history":[{"count":2,"href":"https:\/\/movimento-sociale-italiano.org\/index.php?rest_route=\/wp\/v2\/posts\/923\/revisions"}],"predecessor-version":[{"id":934,"href":"https:\/\/movimento-sociale-italiano.org\/index.php?rest_route=\/wp\/v2\/posts\/923\/revisions\/934"}],"wp:featuredmedia":[{"embeddable":true,"href":"https:\/\/movimento-sociale-italiano.org\/index.php?rest_route=\/wp\/v2\/media\/928"}],"wp:attachment":[{"href":"https:\/\/movimento-sociale-italiano.org\/index.php?rest_route=%2Fwp%2Fv2%2Fmedia&parent=923"}],"wp:term":[{"taxonomy":"category","embeddable":true,"href":"https:\/\/movimento-sociale-italiano.org\/index.php?rest_route=%2Fwp%2Fv2%2Fcategories&post=923"},{"taxonomy":"post_tag","embeddable":true,"href":"https:\/\/movimento-sociale-italiano.org\/index.php?rest_route=%2Fwp%2Fv2%2Ftags&post=923"}],"curies":[{"name":"wp","href":"https:\/\/api.w.org\/{rel}","templated":true}]}}