{"id":935,"date":"2022-11-24T12:13:12","date_gmt":"2022-11-24T12:13:12","guid":{"rendered":"https:\/\/movimento-sociale-italiano.org\/?p=935"},"modified":"2022-11-24T12:17:17","modified_gmt":"2022-11-24T12:17:17","slug":"anschluss-colpo-di-stato-o-affermazione-della-volonta-popolare-austriaca","status":"publish","type":"post","link":"https:\/\/movimento-sociale-italiano.org\/?p=935","title":{"rendered":"Anschluss &#8211; Colpo di Stato o affermazione della volont\u00e0 popolare austriaca?"},"content":{"rendered":"\n<p>Nel 1943 a Mosca, l&#8217;annessione tedesca dell&#8217;Austria venne dichiarata nulla e la nazione vittima dell&#8217;aggressione hitleriana. <\/p>\n\n\n\n<p>La domanda, che la storiografia ufficiale darebbe per controversa e se l&#8217;Austria fu realmente vittima di tale aggressione. <\/p>\n\n\n\n<p>Partiamo dal principio. Anzi, partiamo da un fatto, per la precisione, uno sparo.<\/p>\n\n\n\n<p>Il 28 giugno 1914, a Sarajevo, in una Bosnia sotto il controllo di Vienna, si consum\u00f2 il famigerato attentato contro l&#8217;arciduca ed erede al trono d&#8217;Austria, Francesco Ferdinando e la moglie Sofia. Fu la prima tessera del domino che innesc\u00f2 la Grande Guerra.<\/p>\n\n\n\n<p>Un conflitto che si annunciava rapido e vittorioso per gli imperi di lingua germanica, si trasform\u00f2 in una logorante guerra di trincea, il che non imped\u00ec agli austriaci di riportare importanti vittorie militari, specialmente nei confronti dei traditori italiani. Le vittorie comunque non bastarono e alla lunga il blocco navale delle potenze anglo-americane fiacco la resistenza austriaca e tedesca.<\/p>\n\n\n\n<p><strong>Numerose rivolte fecero esplodere in tutta la loro evidenza le profonde divisioni multietniche latenti nell&#8217;impero asburgico, fino a determinarne il disfacimento. Alla fine della guerra, praticamente tutte le etnie presenti al suo interno dichiararono l&#8217;indipendenza, causando il tramonto della stessa dinastia degli Asburgo.<\/strong> <\/p>\n\n\n\n<p>L&#8217;ultimo imperatore, Carlo I, succeduto nel 1916 all&#8217;anziano Francesco Giuseppe, dovette firmare la resa nel 18, abdicando subito dopo per andare in esilio a Madera. l&#8217;Austria, ormai ridotta agli attuali confini politici al pari delle varie entit\u00e0 che appartenevano all&#8217;ex impero, divent\u00f2 una repubblica, con l&#8217;eccezione degli Stati slavi del Sud, diventati un regno sotto l&#8217;egida dei serbi. La futura Jugoslavia.<\/p>\n\n\n\n<p>A guerra finita, la vita della nuova Austria fu abbastanza tormentata. I due principali partiti erano quello cristiano, sociale, conservatore e con la presenza di frange antisemite e quello socialdemocratico, che si fronteggiavano non soltanto sul piano politico.<\/p>\n\n\n\n<p>Le tensioni culminarono nel colpo di mano del cancelliere Engel Bert Adolf Loos, proveniente dal Partito cristiano sociale. Dolphins fu nominato capo del governo nel 1932. L&#8217;anno seguente, sollecitato da Mussolini in persona, riun\u00ec tutti i partiti dell&#8217;area conservatrice cattolica nel Fronte patriottico, facendone di fatto l&#8217;unica forza politica legalmente ammessa sul territorio, un po&#8217; sul modello del fascismo italiano.<\/p>\n\n\n\n<figure class=\"wp-block-image size-large\"><img loading=\"lazy\" decoding=\"async\" width=\"1024\" height=\"512\" src=\"https:\/\/movimento-sociale-italiano.org\/wp-content\/uploads\/2022\/11\/Anschluss-Osterreich-Innsbruck-1024x512.jpg\" alt=\"\" class=\"wp-image-936\" srcset=\"https:\/\/movimento-sociale-italiano.org\/wp-content\/uploads\/2022\/11\/Anschluss-Osterreich-Innsbruck-1024x512.jpg 1024w, https:\/\/movimento-sociale-italiano.org\/wp-content\/uploads\/2022\/11\/Anschluss-Osterreich-Innsbruck-300x150.jpg 300w, https:\/\/movimento-sociale-italiano.org\/wp-content\/uploads\/2022\/11\/Anschluss-Osterreich-Innsbruck-768x384.jpg 768w, https:\/\/movimento-sociale-italiano.org\/wp-content\/uploads\/2022\/11\/Anschluss-Osterreich-Innsbruck-696x348.jpg 696w, https:\/\/movimento-sociale-italiano.org\/wp-content\/uploads\/2022\/11\/Anschluss-Osterreich-Innsbruck-1068x534.jpg 1068w, https:\/\/movimento-sociale-italiano.org\/wp-content\/uploads\/2022\/11\/Anschluss-Osterreich-Innsbruck.jpg 1152w\" sizes=\"auto, (max-width: 1024px) 100vw, 1024px\" \/><figcaption>Adolf Hitler accolto dalla folla esultante ad Innsbruck<\/figcaption><\/figure>\n\n\n\n<p>Tutti i partiti di opposizione furono sciolti e le libert\u00e0 costituzionali fortemente limitate. Si instaurava cos\u00ec, sotto gli auspici di Mussolini, alleato e amico di Dolfi, un regime autoritario ribattezzato dagli storici austro-fascismo un regime dichiaratamente ispirato al sistema corporativo italiano.<\/p>\n\n\n\n<p>C&#8217;\u00e8 da precisare che, in affinit\u00e0 coi similari regimi del tempo, l&#8217;assetto autoritario con forte limitazione dei diritti, sarebbe comunque stata una fase, che sarebbe durata il tempo necessario a stabilizzare il nuovo assetto di governo.<\/p>\n\n\n\n<p>I nazional socialisti tedeschi, in previsione dell&#8217;annessione dell&#8217;Austria, avevano creato per questo scopo una vera e propria struttura paramilitare con sede a Monaco, chiamata Ispettorato regionale per l&#8217;Austria. <\/p>\n\n\n\n<p>Nel luglio 34 un gruppo di nazionalsocialisti austriaci organizzarono un colpo di stato per avvicinare Vienna alla Germania, senza per\u00f2 chiedere appoggio al F\u00fchrer, tanto che Hitler, a posteriori, neg\u00f2 fermamente ogni sostegno.<\/p>\n\n\n\n<p>Nonostante il fallimento del colpo di stato, i golpisti austriaci riuscirono comunque ad assassinare Dolfi, che fu sostituito prontamente dal nuovo cancelliere Kurt Sung. Nei successivi quattro anni Sung, difese comunque strenuamente, in un primo momento, l&#8217;indipendenza dell&#8217;Austria.<\/p>\n\n\n\n<p>Poi per\u00f2 tutto cambi\u00f2 di colpo nel 1935 con la guerra in Etiopia, in quanto l&#8217;Italia che fino a quel momento era stata al fianco di inglesi e francesi, si trov\u00f2 isolata dalle altre nazioni che votarono sanzioni economiche contro il nostro paese.<\/p>\n\n\n\n<p>Subito questo voltafaccia, Mussolini fece dietrofront in politica estera, scegliendo di avvicinarsi progressivamente a Hitler.<\/p>\n\n\n\n<p>Nel 1936, con Von Schuschnigg fu convocato tra al &#8220;Nido dell&#8217;Aquila&#8221;, la residenza montana di Hitler, dove firm\u00f2 un trattato che, oltre a definire l&#8217;Austria uno stato cristiano tedesco, le imponeva importanti limitazioni di sovranit\u00e0 in cambio della garanzia tedesca sulla indipendenza.<\/p>\n\n\n\n<p>Hitler, forte della consapevolezza che il popolo austriaco desiderava l&#8217;annessione, ma altrettanto consapevole delle resistenze dei rappresentanti istituzionali, deline\u00f2 con riserbo le sue mire politiche, tra cui proprio l&#8217;annessione dell&#8217;Austria a tutti gli effetti.<\/p>\n\n\n\n<p>Cos\u00ec gett\u00f2 le basi installandovi una serie di suoi luogotenenti, a cominciare dal proconsole e <em>leader<\/em> del locale Partito nazional socialista Arthur-Seyss Inquart, che furono inseriti nei posti chiave di governo agli inizi del &#8217;38, cos\u00ec i nazionalsocialisti austriaci ebbero piena libert\u00e0 di azione, adoperandosi per preparare dall&#8217;interno l&#8217;Anschluss, l&#8217;annessione, la quale, per aver luogo, necessitava solo di bypassare l&#8217;ostruzionismo di un governo che non rispettava la volont\u00e0 della maggior parte del popolo.<\/p>\n\n\n\n<p>Hitler cos\u00ec, preparato il terreno adeguatamente, pot\u00e9 mettersi in viaggio alla volta di Vienna, dove annunci\u00f2 trionfalmente l&#8217;Anschluss.<\/p>\n\n\n\n<p><strong>Decisione supportata poi da un plebiscito popolare che si tenne il 10 aprile e che si espresse a favore quasi all&#8217;unanimit\u00e0. <\/strong><\/p>\n\n\n\n<p>Tra i maggiori sostenitori del s\u00ec avremmo trovato, ad esempio, il cardinale di Vienna Theodor Iniz e anche il socialdemocratico Karl Rahner, futuro primo Presidente della Seconda Repubblica nel &#8217;45. Con l&#8217;approvazione ufficiale dell&#8217;Anschluss, l&#8217;Austria diventava cos\u00ec parte integrante della Germania con il nome di <em>Ostmark<\/em>, letteralmente la marca orientale. Considerato che l&#8217;annessione era avvenuta senza sparare un singolo colpo e nel lapalissiano rispetto del consenso popolare, non ci fu alcun tipo di protesta internazionale.<\/p>\n\n\n\n<p>l&#8217;Austria rimase legata alla Germania fino alla disfatta tedesca alla fine della guerra nel &#8217;45. Nel decennio che segu\u00ec la fine del conflitto mondiale, il paese sarebbe stato sottoposto ad un regime di occupazione delle potenze vincitrici. Come la Germania, anche l&#8217;Austria fu suddivisa in quattro zone, ciascuna controllata da sovietici, americani, francesi e inglesi.<\/p>\n\n\n\n<p>Nel 1955 l&#8217;Austria sigl\u00f2 per\u00f2 una dichiarazione di neutralit\u00e0 perpetua in base alla quale, in cambio della restituzione della piena sovranit\u00e0, Vienna prometteva di tenersi fuori dalle alleanze militari che si opponevano nell&#8217;Europa della guerra fredda.<\/p>\n\n\n\n<p>Di fatto, \u00e8 necessario ricordare, che lo stesso Goebbels, avrebbe sempre fatto riferimento al fatto che l&#8217;Austria, al termine della Prima Guerra Mondiale, si era sempre espressa a favore di un&#8217;annessione con l&#8217;allora Repubblica di Weimar. Una simile eventualit\u00e0 fu per\u00f2 esplicitamente esclusa dai vergognosi Trattati di Versailles, secondo l&#8217;Articolo 80, probabilmente per la volont\u00e0 di limitare la rinascita della potenza militare tedesca.<\/p>\n\n\n\n<p>Non si deve nemmeno dimenticare il sondaggio commissionato dagli occupanti americani nel &#8217;47, secondo il quale il 51,9% degli austriaci considerava il Nazionalsocialismo un&#8217;idea buona ma male applicata e ricordiamo altres\u00ec che l&#8217;Austria si rifiut\u00f2 sempre di pagare ogni risarcimento  per il cosiddetto Olocausto.<\/p>\n\n\n\n<p>Kurt Waldheim, ex attivista nazional socialista, ascese alla massima carica presidenziale tra l&#8217; &#8217;86 e il &#8217;92, dopo aver rigorosamente rivestito il ruolo di Segretario Generale delle Nazioni Unite tra il &#8217;72 e l&#8217; &#8217;81. <\/p>\n\n\n\n<p>Sarebbe un atto di becera ipocrisia, negare che gli austriaci siano simpatizzanti della visione nazionalsocialista, specialmente guardando alle reazioni entusiastiche del 26% degli austriaci nel 1999 dinnanzi all&#8217;ascesa politica di J\u00f6rg Haider, leader politico dichiaratamente filo-fascista, e che aveva giustamente definito le SS degli uomini di onore, entrato al governo.<\/p>\n\n\n\n<p>La sua parabola \u00e8 stata per\u00f2 interrotta dalla prematura e sospetta scomparsa, per un &#8220;incidente&#8221; automobilistico nel 2008, dai contorni molto poco chiari, anzi torbidi al punto, da suggerire un attentato politico, probabilmente ad opera proprio di quei potentati finanziari globali, che stanno facendo delle Sinistre il loro Cavallo di Troia.<\/p>\n\n\n\n<p>Altro evento, che ci fa ben comprendere, la genuina volont\u00e0 politica popolare austriaca \u00e8 il sondaggio pubblicato da Reuters, ad esempio, nel 2013, dal quale emerse che tre persone su cinque in Austria vogliono &#8220;l&#8217;Uomo Forte&#8221; al potere. <\/p>\n","protected":false},"excerpt":{"rendered":"<p>Nel 1943 a Mosca, l&#8217;annessione tedesca dell&#8217;Austria venne dichiarata nulla e la nazione vittima dell&#8217;aggressione hitleriana. La domanda, che la storiografia ufficiale darebbe per controversa e se l&#8217;Austria fu realmente vittima di tale aggressione. Partiamo dal principio. Anzi, partiamo da un fatto, per la precisione, uno sparo. Il 28 giugno 1914, a Sarajevo, in una [&hellip;]<\/p>\n","protected":false},"author":4,"featured_media":937,"comment_status":"open","ping_status":"open","sticky":false,"template":"","format":"standard","meta":{"om_disable_all_campaigns":false,"_monsterinsights_skip_tracking":false,"_monsterinsights_sitenote_active":false,"_monsterinsights_sitenote_note":"","_monsterinsights_sitenote_category":0,"footnotes":""},"categories":[15],"tags":[32,61],"class_list":{"0":"post-935","1":"post","2":"type-post","3":"status-publish","4":"format-standard","5":"has-post-thumbnail","7":"category-storia-della-destra","8":"tag-adolf-hitler","9":"tag-anschluss"},"aioseo_notices":[],"_links":{"self":[{"href":"https:\/\/movimento-sociale-italiano.org\/index.php?rest_route=\/wp\/v2\/posts\/935","targetHints":{"allow":["GET"]}}],"collection":[{"href":"https:\/\/movimento-sociale-italiano.org\/index.php?rest_route=\/wp\/v2\/posts"}],"about":[{"href":"https:\/\/movimento-sociale-italiano.org\/index.php?rest_route=\/wp\/v2\/types\/post"}],"author":[{"embeddable":true,"href":"https:\/\/movimento-sociale-italiano.org\/index.php?rest_route=\/wp\/v2\/users\/4"}],"replies":[{"embeddable":true,"href":"https:\/\/movimento-sociale-italiano.org\/index.php?rest_route=%2Fwp%2Fv2%2Fcomments&post=935"}],"version-history":[{"count":1,"href":"https:\/\/movimento-sociale-italiano.org\/index.php?rest_route=\/wp\/v2\/posts\/935\/revisions"}],"predecessor-version":[{"id":938,"href":"https:\/\/movimento-sociale-italiano.org\/index.php?rest_route=\/wp\/v2\/posts\/935\/revisions\/938"}],"wp:featuredmedia":[{"embeddable":true,"href":"https:\/\/movimento-sociale-italiano.org\/index.php?rest_route=\/wp\/v2\/media\/937"}],"wp:attachment":[{"href":"https:\/\/movimento-sociale-italiano.org\/index.php?rest_route=%2Fwp%2Fv2%2Fmedia&parent=935"}],"wp:term":[{"taxonomy":"category","embeddable":true,"href":"https:\/\/movimento-sociale-italiano.org\/index.php?rest_route=%2Fwp%2Fv2%2Fcategories&post=935"},{"taxonomy":"post_tag","embeddable":true,"href":"https:\/\/movimento-sociale-italiano.org\/index.php?rest_route=%2Fwp%2Fv2%2Ftags&post=935"}],"curies":[{"name":"wp","href":"https:\/\/api.w.org\/{rel}","templated":true}]}}